{"id":749,"date":"2021-06-29T03:45:17","date_gmt":"2021-06-29T03:45:17","guid":{"rendered":"https:\/\/mrr.ixy.mybluehost.me\/website_dcad05ef\/?p=749"},"modified":"2021-07-22T21:29:24","modified_gmt":"2021-07-22T21:29:24","slug":"the-nazi-agenda","status":"publish","type":"post","link":"https:\/\/acio-official.org\/sv\/2021\/06\/29\/the-nazi-agenda\/","title":{"rendered":"Den nazistiska agendan"},"content":{"rendered":"<div data-elementor-type=\"wp-post\" data-elementor-id=\"749\" class=\"elementor elementor-749\">\n\t\t\t\t\t\t<section class=\"elementor-section elementor-top-section elementor-element elementor-element-d0a2b72 elementor-section-boxed elementor-section-height-default elementor-section-height-default\" data-id=\"d0a2b72\" data-element_type=\"section\" data-e-type=\"section\">\n\t\t\t\t\t\t<div class=\"elementor-container elementor-column-gap-default\">\n\t\t\t\t\t<div class=\"elementor-column elementor-col-100 elementor-top-column elementor-element elementor-element-4715822\" data-id=\"4715822\" data-element_type=\"column\" data-e-type=\"column\">\n\t\t\t<div class=\"elementor-widget-wrap elementor-element-populated\">\n\t\t\t\t\t\t<div class=\"elementor-element elementor-element-67f35de elementor-widget elementor-widget-text-editor\" data-id=\"67f35de\" data-element_type=\"widget\" data-e-type=\"widget\" data-widget_type=\"text-editor.default\">\n\t\t\t\t<div class=\"elementor-widget-container\">\n\t\t\t\t\t\t\t\t\t<p><span style=\"font-weight: 400;\">N\u00e4r det g\u00e4ller att f\u00f6rklara nazisternas historia tar ingen annan grupp eller \u00e4mne upp s\u00e5dant universellt hat, avsky och omd\u00f6me till den grad att det har blivit en karikatyr f\u00f6r ondskan sj\u00e4lv. \u00c4ven om det \u00e4r sant att Hitler och nazisterna begick grymheter till niv\u00e5er som inte \u00e4r l\u00e4tt j\u00e4mf\u00f6rbara med andra h\u00e4ndelser i historien, var det ursprungliga starten och utvecklingen av det nazistiska partiet mycket mindre ensidig och mer komplex i sitt ursprung. Enligt ACIO har m\u00e5nga av de individer och grupper genom historien som har f\u00f6rs\u00f6kt planera v\u00e4rldsdominans, er\u00f6vring och massslakt gjort det fr\u00e4mst p\u00e5 grund av intervention fr\u00e5n negativa ET eller organisationer. Individer som Mao Zedong, Napoleon och Ghengis Khan utsattes alla f\u00f6r intensiv sinneskontroll av externa grupper och Hitler och nazisterna \u00e4r inget undantag. Det rapporteras av ACIO att negativa grupper som <a href=\"https:\/\/mrr.ixy.mybluehost.me\/website_dcad05ef\/2021\/07\/02\/worldwide-military-corporations\/\">Shaw House<\/a> och en ET -ras k\u00e4nd som Arbons spelade en direkt hand i att p\u00e5verka Hitler med hj\u00e4lp av mind control -teknik tillsammans med mycket av det nazistiska ledarskapet. Det rapporteras att detta negativa inflytande b\u00f6rjade dyka upp s\u00e5 l\u00e5ngt tillbaka som under tiden f\u00f6r Vrill Society n\u00e4r Maria Orsic och Sigrun hj\u00e4lpte till att kanalisera information om avancerad teknik fr\u00e5n Aldebaran och andra ET -raser. Under denna tid gjorde nazisterna f\u00f6rs\u00f6k att psykiskt f\u00e5 kontakt med sina ariska f\u00f6rf\u00e4der f\u00f6r goda \u00e4ndam\u00e5l, bara f\u00f6r att slumpm\u00e4ssigt f\u00e5 kontakt med negativa ET -grupper som skulle driva dem mot krig, er\u00f6vring och massslakt. Denna serie h\u00e4ndelser skulle visa sig vara en tragedi p\u00e5 en oerh\u00f6rt h\u00f6g niv\u00e5, eftersom nazisterna potentiellt kunde ha fungerat som en neutral eller till och med en positiv kraft i v\u00e4rlden om de inte hade blivit koopererade och kapade av andra negativa grupper f\u00f6r att t\u00e4nda kaos i v\u00e4rld.\u00a0<\/span><\/p>\t\t\t\t\t\t\t\t<\/div>\n\t\t\t\t<\/div>\n\t\t\t\t\t<\/div>\n\t\t<\/div>\n\t\t\t\t\t<\/div>\n\t\t<\/section>\n\t\t\t\t<section class=\"elementor-section elementor-top-section elementor-element elementor-element-ceae525 elementor-section-boxed elementor-section-height-default elementor-section-height-default\" data-id=\"ceae525\" data-element_type=\"section\" data-e-type=\"section\">\n\t\t\t\t\t\t<div class=\"elementor-container elementor-column-gap-default\">\n\t\t\t\t\t<div class=\"elementor-column elementor-col-50 elementor-top-column elementor-element elementor-element-268cf54\" data-id=\"268cf54\" data-element_type=\"column\" data-e-type=\"column\">\n\t\t\t<div class=\"elementor-widget-wrap elementor-element-populated\">\n\t\t\t\t\t\t<div class=\"elementor-element elementor-element-ec790c8 elementor-widget elementor-widget-image\" data-id=\"ec790c8\" data-element_type=\"widget\" data-e-type=\"widget\" data-widget_type=\"image.default\">\n\t\t\t\t<div class=\"elementor-widget-container\">\n\t\t\t\t\t\t\t\t\t\t\t\t\t\t\t<img fetchpriority=\"high\" decoding=\"async\" width=\"600\" height=\"600\" src=\"https:\/\/acio-official.org\/wp-content\/uploads\/2021\/06\/800px-Taurus_constellation_map.svg.png\" class=\"attachment-large size-large wp-image-920\" alt=\"\" srcset=\"https:\/\/acio-official.org\/wp-content\/uploads\/2021\/06\/800px-Taurus_constellation_map.svg.png 800w, https:\/\/acio-official.org\/wp-content\/uploads\/2021\/06\/800px-Taurus_constellation_map.svg-300x300.png 300w, https:\/\/acio-official.org\/wp-content\/uploads\/2021\/06\/800px-Taurus_constellation_map.svg-150x150.png 150w, https:\/\/acio-official.org\/wp-content\/uploads\/2021\/06\/800px-Taurus_constellation_map.svg-768x768.png 768w, https:\/\/acio-official.org\/wp-content\/uploads\/2021\/06\/800px-Taurus_constellation_map.svg-12x12.png 12w, https:\/\/acio-official.org\/wp-content\/uploads\/2021\/06\/800px-Taurus_constellation_map.svg-600x600.png 600w, https:\/\/acio-official.org\/wp-content\/uploads\/2021\/06\/800px-Taurus_constellation_map.svg-649x649.png 649w\" sizes=\"(max-width: 600px) 100vw, 600px\" \/>\t\t\t\t\t\t\t\t\t\t\t\t\t\t\t<\/div>\n\t\t\t\t<\/div>\n\t\t\t\t\t<\/div>\n\t\t<\/div>\n\t\t\t\t<div class=\"elementor-column elementor-col-50 elementor-top-column elementor-element elementor-element-887158c\" data-id=\"887158c\" data-element_type=\"column\" data-e-type=\"column\">\n\t\t\t<div class=\"elementor-widget-wrap elementor-element-populated\">\n\t\t\t\t\t\t<div class=\"elementor-element elementor-element-33fdd03 elementor-widget elementor-widget-image\" data-id=\"33fdd03\" data-element_type=\"widget\" data-e-type=\"widget\" data-widget_type=\"image.default\">\n\t\t\t\t<div class=\"elementor-widget-container\">\n\t\t\t\t\t\t\t\t\t\t\t\t\t\t\t<img decoding=\"async\" width=\"500\" height=\"281\" src=\"https:\/\/acio-official.org\/wp-content\/uploads\/2021\/07\/75ab7b10102abcb14cff10b06a9b2b7e.jpg\" class=\"attachment-large size-large wp-image-909\" alt=\"\" srcset=\"https:\/\/acio-official.org\/wp-content\/uploads\/2021\/07\/75ab7b10102abcb14cff10b06a9b2b7e.jpg 500w, https:\/\/acio-official.org\/wp-content\/uploads\/2021\/07\/75ab7b10102abcb14cff10b06a9b2b7e-300x169.jpg 300w, https:\/\/acio-official.org\/wp-content\/uploads\/2021\/07\/75ab7b10102abcb14cff10b06a9b2b7e-16x9.jpg 16w\" sizes=\"(max-width: 500px) 100vw, 500px\" \/>\t\t\t\t\t\t\t\t\t\t\t\t\t\t\t<\/div>\n\t\t\t\t<\/div>\n\t\t\t\t\t<\/div>\n\t\t<\/div>\n\t\t\t\t\t<\/div>\n\t\t<\/section>\n\t\t\t\t<section class=\"elementor-section elementor-top-section elementor-element elementor-element-6e11be55 elementor-section-boxed elementor-section-height-default elementor-section-height-default\" data-id=\"6e11be55\" data-element_type=\"section\" data-e-type=\"section\">\n\t\t\t\t\t\t<div class=\"elementor-container elementor-column-gap-default\">\n\t\t\t\t\t<div class=\"elementor-column elementor-col-100 elementor-top-column elementor-element elementor-element-552efc2\" data-id=\"552efc2\" data-element_type=\"column\" data-e-type=\"column\">\n\t\t\t<div class=\"elementor-widget-wrap elementor-element-populated\">\n\t\t\t\t\t\t<div class=\"elementor-element elementor-element-245ce5af elementor-widget elementor-widget-text-editor\" data-id=\"245ce5af\" data-element_type=\"widget\" data-e-type=\"widget\" data-widget_type=\"text-editor.default\">\n\t\t\t\t<div class=\"elementor-widget-container\">\n\t\t\t\t\t\t\t\t\t\n<p><span style=\"font-weight: 400;\">I v\u00e5r tid tror m\u00e5nga att det nazistiska hotet sedan l\u00e4nge \u00e4r borta och h\u00f6rt till det f\u00f6rflutna sedan andra v\u00e4rldskrigets slut. Idag \u00e4r nazister allm\u00e4nt k\u00e4nda som f\u00f6rem\u00e5l f\u00f6r sk\u00e4mt och \u00f6verdrivna j\u00e4mf\u00f6relser och f\u00f6rol\u00e4mpningar, s\u00e4rskilt inom politiken. Men sanningen \u00e4r att det nazistiska hotet och agendan alltid har varit en m\u00e4ktig kraft \u00e4ven l\u00e5ngt efter krigets slut. Efter Hitlers f\u00f6rmodade sj\u00e4lvmord flyttade mycket av det nazistiska ledarskapet till delar av Sydamerika s\u00e5v\u00e4l som Antarktis f\u00f6r att omgruppera sig f\u00f6r att s\u00e5 sm\u00e5ningom kunna distribuera deras avancerade vapen och hantverk. Detta \u00e4r inte k\u00e4nt av de flesta vanliga historiker, men USA f\u00f6rlorade en stor sj\u00f6strid mot nazisterna i Antarktis under Operation Highjump. Med den tydliga tekniska \u00f6verl\u00e4gsenheten var kriget allt annat \u00e4n vunnet f\u00f6r nazisterna. Men ist\u00e4llet f\u00f6r att v\u00e4lja att dominera v\u00e4stv\u00e4rlden med milit\u00e4r styrka, vilket skulle kr\u00e4va intensiva resursutgifter, valde nazistregimen ist\u00e4llet att infiltrera alla aspekter av det amerikanska ledarskapet, media och kultur genom initiativ som <a href=\"https:\/\/en.wikipedia.org\/wiki\/Operation_Paperclip#:~:text=Operation%20Paperclip%20was%20a%20secret,Europe%2C%20between%201945%20and%201959.\">Operation Paperclip<\/a> f\u00f6r att styra fr\u00e5n skuggorna. Detta kallades det fj\u00e4rde riket av nazisterna, men den verkliga omfattningen av nazisternas maktstruktur gick l\u00e5ngt djupare. P\u00e5 b\u00e5de nord- och sydpolen p\u00e5 planeten hade nazisterna redan etablerat stora underjordiska st\u00e4der som de kallade det femte imperiet. Det \u00e4r h\u00e4rifr\u00e5n som de plottar och genomf\u00f6r sina agendor kring att kontrollera de vanliga medierna, politikerna och initiera propaganda f\u00f6r att kontrollera allm\u00e4nhetens sinnen.\u00a0<\/span><\/p>\n<p><span style=\"font-weight: 400;\">Idag tror ACIO starkt att n\u00e4stan alla aspekter av de vanliga medierna och popul\u00e4rkulturen \u00e4r full av sofistikerad propaganda f\u00f6r att h\u00e5lla allm\u00e4nheten i en konstant f\u00f6rvirring medan majoriteten av befolkningen f\u00f6rnekar det fullst\u00e4ndigt. Med agendor och aktiviteter p\u00e5 g\u00e5ng projekterade ACIO en mycket negativ bana f\u00f6r den moderna v\u00e4rlden om nuvarande trender skulle forts\u00e4tta. Men p\u00e5 datumet den <a href=\"https:\/\/www.youtube.com\/watch?v=2gUzckQ6Ywk&amp;t=242s\">26 april 2020<\/a>, intr\u00e4ffade ett stort genombrott d\u00e4r v\u00e5r nuvarande verklighet kunde bryta sig loss fr\u00e5n den konstgjorda matrisen skapad av Monarch och Mobius som fick oss att l\u00e5sa in oss i denna negativa tidslinje. Idag kan v\u00e5r v\u00e4rld g\u00e5 mot en mycket mer positiv tidslinje och v\u00e5r f\u00f6rm\u00e5ga att agera utifr\u00e5n v\u00e5r fria vilja \u00e4r mindre hindrad och begr\u00e4nsad, men vi upplever fortfarande n\u00e5gra av de negativa agendorna fr\u00e5n den tidigare negativt f\u00f6rankrade verkligheten som en kvarvarande effekt . Med tiden r\u00e4knar vi med att detta ocks\u00e5 minskar s\u00e5 sm\u00e5ningom.\u00a0<\/span><\/p>\n<p><span style=\"font-weight: 400;\">F\u00f6r n\u00e4rvarande projicerar Peter att vi h\u00e5ller p\u00e5 att g\u00e5 samman med en annan verklighet som \u00e4r mycket positiv till sin natur. Enligt Peter har denna nya verklighet mycket mer \u00f6verfl\u00f6d och rikedom, tillg\u00e5ng till st\u00f6rre teknik och mycket f\u00e4rre or\u00e4ttvisor \u00e4n vad vi ser i v\u00e5r v\u00e4rld idag. Det \u00f6verraskande som b\u00f6r n\u00e4mnas om denna verklighet \u00e4r att den h\u00e4rstammar fr\u00e5n en alternativ verklighet d\u00e4r nazisternas och axelmakter fr\u00e4mst leder planeten. F\u00f6r alla utbildade personer l\u00e5ter detta som ett helvetescenario d\u00e4r m\u00e4nskligheten skulle domineras av tyranniskt styre. Men enligt Peter, i denna alternativa verklighet, begick nazisterna och japanerna aldrig alla de grymheter som dokumenterades i v\u00e5r huvudhistoria. Som n\u00e4mnts tidigare var alla de grymheter som vi bevittnar i v\u00e5r tidslinje resultatet av att Hitler och nazisten har blivit psykiskt kapade och sinnet styrs av vissa negativa grupper och ET: er f\u00f6r att g\u00e5 en m\u00f6rk negativ v\u00e4g. Utan detta inflytande hade nazisterna inte beg\u00e5tt dessa grymheter och de hade naturligtvis flyttat in i en mer positiv och v\u00e4lvillig tidslinje. \u00c5terigen \u00e4r detta mycket sv\u00e5rt att tro f\u00f6r alla som \u00e4r utbildade i konventionell historia, men denna intelligens har bekr\u00e4ftats av Peter och ACIO f\u00f6r att vara fallet. <\/span><\/p>\n\t\t\t\t\t\t\t\t<\/div>\n\t\t\t\t<\/div>\n\t\t\t\t\t<\/div>\n\t\t<\/div>\n\t\t\t\t\t<\/div>\n\t\t<\/section>\n\t\t\t\t<section class=\"elementor-section elementor-top-section elementor-element elementor-element-022d0bb elementor-section-boxed elementor-section-height-default elementor-section-height-default\" data-id=\"022d0bb\" data-element_type=\"section\" data-e-type=\"section\">\n\t\t\t\t\t\t<div class=\"elementor-container elementor-column-gap-default\">\n\t\t\t\t\t<div class=\"elementor-column elementor-col-100 elementor-top-column elementor-element elementor-element-db5f642\" data-id=\"db5f642\" data-element_type=\"column\" data-e-type=\"column\">\n\t\t\t<div class=\"elementor-widget-wrap elementor-element-populated\">\n\t\t\t\t\t\t<div class=\"elementor-element elementor-element-3b8bd9c elementor-widget elementor-widget-heading\" data-id=\"3b8bd9c\" data-element_type=\"widget\" data-e-type=\"widget\" data-widget_type=\"heading.default\">\n\t\t\t\t<div class=\"elementor-widget-container\">\n\t\t\t\t\t<h2 class=\"elementor-heading-title elementor-size-default\">Tidiga nazistiska hantverk<\/h2>\t\t\t\t<\/div>\n\t\t\t\t<\/div>\n\t\t\t\t\t<\/div>\n\t\t<\/div>\n\t\t\t\t\t<\/div>\n\t\t<\/section>\n\t\t\t\t<section class=\"elementor-section elementor-top-section elementor-element elementor-element-5d52274 elementor-section-boxed elementor-section-height-default elementor-section-height-default\" data-id=\"5d52274\" data-element_type=\"section\" data-e-type=\"section\">\n\t\t\t\t\t\t<div class=\"elementor-container elementor-column-gap-default\">\n\t\t\t\t\t<div class=\"elementor-column elementor-col-66 elementor-top-column elementor-element elementor-element-ece3e92\" data-id=\"ece3e92\" data-element_type=\"column\" data-e-type=\"column\">\n\t\t\t<div class=\"elementor-widget-wrap elementor-element-populated\">\n\t\t\t\t\t\t<div class=\"elementor-element elementor-element-83ed052 elementor-widget elementor-widget-image\" data-id=\"83ed052\" data-element_type=\"widget\" data-e-type=\"widget\" data-widget_type=\"image.default\">\n\t\t\t\t<div class=\"elementor-widget-container\">\n\t\t\t\t\t\t\t\t\t\t\t\t\t\t\t<img decoding=\"async\" width=\"600\" height=\"336\" src=\"https:\/\/acio-official.org\/wp-content\/uploads\/2021\/06\/Screen-Shot-2021-06-28-at-8.43.42-PM-1024x574.png\" class=\"attachment-large size-large wp-image-750\" alt=\"\" srcset=\"https:\/\/acio-official.org\/wp-content\/uploads\/2021\/06\/Screen-Shot-2021-06-28-at-8.43.42-PM-1024x574.png 1024w, https:\/\/acio-official.org\/wp-content\/uploads\/2021\/06\/Screen-Shot-2021-06-28-at-8.43.42-PM-300x168.png 300w, https:\/\/acio-official.org\/wp-content\/uploads\/2021\/06\/Screen-Shot-2021-06-28-at-8.43.42-PM-768x431.png 768w, https:\/\/acio-official.org\/wp-content\/uploads\/2021\/06\/Screen-Shot-2021-06-28-at-8.43.42-PM-16x9.png 16w, https:\/\/acio-official.org\/wp-content\/uploads\/2021\/06\/Screen-Shot-2021-06-28-at-8.43.42-PM-600x337.png 600w, https:\/\/acio-official.org\/wp-content\/uploads\/2021\/06\/Screen-Shot-2021-06-28-at-8.43.42-PM.png 1109w\" sizes=\"(max-width: 600px) 100vw, 600px\" \/>\t\t\t\t\t\t\t\t\t\t\t\t\t\t\t<\/div>\n\t\t\t\t<\/div>\n\t\t\t\t\t<\/div>\n\t\t<\/div>\n\t\t\t\t<div class=\"elementor-column elementor-col-33 elementor-top-column elementor-element elementor-element-f848169\" data-id=\"f848169\" data-element_type=\"column\" data-e-type=\"column\">\n\t\t\t<div class=\"elementor-widget-wrap elementor-element-populated\">\n\t\t\t\t\t\t<div class=\"elementor-element elementor-element-d9fd44f elementor-widget elementor-widget-text-editor\" data-id=\"d9fd44f\" data-element_type=\"widget\" data-e-type=\"widget\" data-widget_type=\"text-editor.default\">\n\t\t\t\t<div class=\"elementor-widget-container\">\n\t\t\t\t\t\t\t\t\t<p><span style=\"font-weight: 400;\"><strong>Luftpanzer III<\/strong>: 8: e generationens nazistiska flygplansk\u00e4mpe. Den f\u00f6rsta generationen av k\u00e4mpar som kan flyga tillr\u00e4ckligt snabbt f\u00f6r att b\u00f6ja rymden. Ursprungligen ombyggd fr\u00e5n nordisk raceteknik. <\/span><\/p>\t\t\t\t\t\t\t\t<\/div>\n\t\t\t\t<\/div>\n\t\t\t\t\t<\/div>\n\t\t<\/div>\n\t\t\t\t\t<\/div>\n\t\t<\/section>\n\t\t\t\t<section class=\"elementor-section elementor-top-section elementor-element elementor-element-64bd27f elementor-section-boxed elementor-section-height-default elementor-section-height-default\" data-id=\"64bd27f\" data-element_type=\"section\" data-e-type=\"section\">\n\t\t\t\t\t\t<div class=\"elementor-container elementor-column-gap-default\">\n\t\t\t\t\t<div class=\"elementor-column elementor-col-66 elementor-top-column elementor-element elementor-element-9babd24\" data-id=\"9babd24\" data-element_type=\"column\" data-e-type=\"column\">\n\t\t\t<div class=\"elementor-widget-wrap elementor-element-populated\">\n\t\t\t\t\t\t<div class=\"elementor-element elementor-element-3f2905c elementor-widget elementor-widget-image\" data-id=\"3f2905c\" data-element_type=\"widget\" data-e-type=\"widget\" data-widget_type=\"image.default\">\n\t\t\t\t<div class=\"elementor-widget-container\">\n\t\t\t\t\t\t\t\t\t\t\t\t\t\t\t<img loading=\"lazy\" decoding=\"async\" width=\"600\" height=\"348\" src=\"https:\/\/acio-official.org\/wp-content\/uploads\/2021\/06\/Screen-Shot-2021-06-29-at-10.47.01-PM.png\" class=\"attachment-large size-large wp-image-765\" alt=\"\" srcset=\"https:\/\/acio-official.org\/wp-content\/uploads\/2021\/06\/Screen-Shot-2021-06-29-at-10.47.01-PM.png 745w, https:\/\/acio-official.org\/wp-content\/uploads\/2021\/06\/Screen-Shot-2021-06-29-at-10.47.01-PM-300x174.png 300w, https:\/\/acio-official.org\/wp-content\/uploads\/2021\/06\/Screen-Shot-2021-06-29-at-10.47.01-PM-16x9.png 16w, https:\/\/acio-official.org\/wp-content\/uploads\/2021\/06\/Screen-Shot-2021-06-29-at-10.47.01-PM-600x348.png 600w\" sizes=\"(max-width: 600px) 100vw, 600px\" \/>\t\t\t\t\t\t\t\t\t\t\t\t\t\t\t<\/div>\n\t\t\t\t<\/div>\n\t\t\t\t\t<\/div>\n\t\t<\/div>\n\t\t\t\t<div class=\"elementor-column elementor-col-33 elementor-top-column elementor-element elementor-element-4243537\" data-id=\"4243537\" data-element_type=\"column\" data-e-type=\"column\">\n\t\t\t<div class=\"elementor-widget-wrap elementor-element-populated\">\n\t\t\t\t\t\t<div class=\"elementor-element elementor-element-40e04ea elementor-widget elementor-widget-text-editor\" data-id=\"40e04ea\" data-element_type=\"widget\" data-e-type=\"widget\" data-widget_type=\"text-editor.default\">\n\t\t\t\t<div class=\"elementor-widget-container\">\n\t\t\t\t\t\t\t\t\t<p><span style=\"font-weight: 400;\"><strong>Cockpit of Luftpanzer III<\/strong>: Till v\u00e4nster kan vi se kaptenen och navigat\u00f6rss\u00e4tena. Den h\u00f6gra sidan \u00e4r d\u00e4r den andra navigat\u00f6ren och vapenoperat\u00f6ren sitter. <\/span><\/p>\t\t\t\t\t\t\t\t<\/div>\n\t\t\t\t<\/div>\n\t\t\t\t\t<\/div>\n\t\t<\/div>\n\t\t\t\t\t<\/div>\n\t\t<\/section>\n\t\t\t\t<section class=\"elementor-section elementor-top-section elementor-element elementor-element-21ecbab elementor-section-boxed elementor-section-height-default elementor-section-height-default\" data-id=\"21ecbab\" data-element_type=\"section\" data-e-type=\"section\">\n\t\t\t\t\t\t<div class=\"elementor-container elementor-column-gap-default\">\n\t\t\t\t\t<div class=\"elementor-column elementor-col-66 elementor-top-column elementor-element elementor-element-2a885a6\" data-id=\"2a885a6\" data-element_type=\"column\" data-e-type=\"column\">\n\t\t\t<div class=\"elementor-widget-wrap elementor-element-populated\">\n\t\t\t\t\t\t<div class=\"elementor-element elementor-element-4702467 elementor-widget elementor-widget-image\" data-id=\"4702467\" data-element_type=\"widget\" data-e-type=\"widget\" data-widget_type=\"image.default\">\n\t\t\t\t<div class=\"elementor-widget-container\">\n\t\t\t\t\t\t\t\t\t\t\t\t\t\t\t<img loading=\"lazy\" decoding=\"async\" width=\"600\" height=\"292\" src=\"https:\/\/acio-official.org\/wp-content\/uploads\/2021\/06\/nazi-ufo-2-1024x499.jpg\" class=\"attachment-large size-large wp-image-766\" alt=\"\" srcset=\"https:\/\/acio-official.org\/wp-content\/uploads\/2021\/06\/nazi-ufo-2-1024x499.jpg 1024w, https:\/\/acio-official.org\/wp-content\/uploads\/2021\/06\/nazi-ufo-2-300x146.jpg 300w, https:\/\/acio-official.org\/wp-content\/uploads\/2021\/06\/nazi-ufo-2-768x374.jpg 768w, https:\/\/acio-official.org\/wp-content\/uploads\/2021\/06\/nazi-ufo-2-16x8.jpg 16w, https:\/\/acio-official.org\/wp-content\/uploads\/2021\/06\/nazi-ufo-2-600x293.jpg 600w, https:\/\/acio-official.org\/wp-content\/uploads\/2021\/06\/nazi-ufo-2-1331x649.jpg 1331w, https:\/\/acio-official.org\/wp-content\/uploads\/2021\/06\/nazi-ufo-2.jpg 1366w\" sizes=\"(max-width: 600px) 100vw, 600px\" \/>\t\t\t\t\t\t\t\t\t\t\t\t\t\t\t<\/div>\n\t\t\t\t<\/div>\n\t\t\t\t\t<\/div>\n\t\t<\/div>\n\t\t\t\t<div class=\"elementor-column elementor-col-33 elementor-top-column elementor-element elementor-element-50a2ccb\" data-id=\"50a2ccb\" data-element_type=\"column\" data-e-type=\"column\">\n\t\t\t<div class=\"elementor-widget-wrap elementor-element-populated\">\n\t\t\t\t\t\t<div class=\"elementor-element elementor-element-c936ed9 elementor-widget elementor-widget-text-editor\" data-id=\"c936ed9\" data-element_type=\"widget\" data-e-type=\"widget\" data-widget_type=\"text-editor.default\">\n\t\t\t\t<div class=\"elementor-widget-container\">\n\t\t\t\t\t\t\t\t\t<p><span style=\"font-weight: 400;\"><strong>Luftpanzer VII<\/strong> : 12: e generationens nazistiska flygplansk\u00e4mpe. F\u00f6rsta b\u00e5ten som reser genom maskh\u00e5l som drivs av v\u00e4tefusionsmotorer. Kan resa mellan tidslinjer, verkligheter, universum, dimensioner och megaverser. <\/span><\/p>\t\t\t\t\t\t\t\t<\/div>\n\t\t\t\t<\/div>\n\t\t\t\t\t<\/div>\n\t\t<\/div>\n\t\t\t\t\t<\/div>\n\t\t<\/section>\n\t\t\t\t<\/div>","protected":false},"excerpt":{"rendered":"<p>When it comes to explaining the history of the Nazi\u2019s, no other group or topic brings up such universal hatred, disgust, and judgement to the point that it has become a caricature for evil itself. While it is true that Hitler and the Nazi\u2019s did commit atrocities to levels not easily comparable to other events [&hellip;]<\/p>\n","protected":false},"author":1,"featured_media":750,"comment_status":"closed","ping_status":"closed","sticky":false,"template":"","format":"standard","meta":{"om_disable_all_campaigns":false,"site-sidebar-layout":"default","site-content-layout":"default","ast-site-content-layout":"default","site-content-style":"default","site-sidebar-style":"default","ast-global-header-display":"","ast-banner-title-visibility":"","ast-main-header-display":"","ast-hfb-above-header-display":"","ast-hfb-below-header-display":"","ast-hfb-mobile-header-display":"","site-post-title":"","ast-breadcrumbs-content":"","ast-featured-img":"","footer-sml-layout":"","ast-disable-related-posts":"","theme-transparent-header-meta":"default","adv-header-id-meta":"","stick-header-meta":"default","header-above-stick-meta":"","header-main-stick-meta":"","header-below-stick-meta":"","astra-migrate-meta-layouts":"default","ast-page-background-enabled":"default","ast-page-background-meta":{"desktop":{"background-color":"","background-image":"","background-repeat":"repeat","background-position":"center center","background-size":"auto","background-attachment":"scroll","background-type":"","background-media":"","overlay-type":"","overlay-color":"","overlay-opacity":"","overlay-gradient":""},"tablet":{"background-color":"","background-image":"","background-repeat":"repeat","background-position":"center center","background-size":"auto","background-attachment":"scroll","background-type":"","background-media":"","overlay-type":"","overlay-color":"","overlay-opacity":"","overlay-gradient":""},"mobile":{"background-color":"","background-image":"","background-repeat":"repeat","background-position":"center center","background-size":"auto","background-attachment":"scroll","background-type":"","background-media":"","overlay-type":"","overlay-color":"","overlay-opacity":"","overlay-gradient":""}},"ast-content-background-meta":{"desktop":{"background-color":"var(--ast-global-color-5)","background-image":"","background-repeat":"repeat","background-position":"center center","background-size":"auto","background-attachment":"scroll","background-type":"","background-media":"","overlay-type":"","overlay-color":"","overlay-opacity":"","overlay-gradient":""},"tablet":{"background-color":"var(--ast-global-color-5)","background-image":"","background-repeat":"repeat","background-position":"center center","background-size":"auto","background-attachment":"scroll","background-type":"","background-media":"","overlay-type":"","overlay-color":"","overlay-opacity":"","overlay-gradient":""},"mobile":{"background-color":"var(--ast-global-color-5)","background-image":"","background-repeat":"repeat","background-position":"center center","background-size":"auto","background-attachment":"scroll","background-type":"","background-media":"","overlay-type":"","overlay-color":"","overlay-opacity":"","overlay-gradient":""}},"footnotes":""},"categories":[1],"tags":[],"class_list":["post-749","post","type-post","status-publish","format-standard","has-post-thumbnail","hentry","category-uncategorized"],"jetpack_featured_media_url":"https:\/\/acio-official.org\/wp-content\/uploads\/2021\/06\/Screen-Shot-2021-06-28-at-8.43.42-PM.png","_links":{"self":[{"href":"https:\/\/acio-official.org\/sv\/wp-json\/wp\/v2\/posts\/749","targetHints":{"allow":["GET"]}}],"collection":[{"href":"https:\/\/acio-official.org\/sv\/wp-json\/wp\/v2\/posts"}],"about":[{"href":"https:\/\/acio-official.org\/sv\/wp-json\/wp\/v2\/types\/post"}],"author":[{"embeddable":true,"href":"https:\/\/acio-official.org\/sv\/wp-json\/wp\/v2\/users\/1"}],"replies":[{"embeddable":true,"href":"https:\/\/acio-official.org\/sv\/wp-json\/wp\/v2\/comments?post=749"}],"version-history":[{"count":37,"href":"https:\/\/acio-official.org\/sv\/wp-json\/wp\/v2\/posts\/749\/revisions"}],"predecessor-version":[{"id":1127,"href":"https:\/\/acio-official.org\/sv\/wp-json\/wp\/v2\/posts\/749\/revisions\/1127"}],"wp:featuredmedia":[{"embeddable":true,"href":"https:\/\/acio-official.org\/sv\/wp-json\/wp\/v2\/media\/750"}],"wp:attachment":[{"href":"https:\/\/acio-official.org\/sv\/wp-json\/wp\/v2\/media?parent=749"}],"wp:term":[{"taxonomy":"category","embeddable":true,"href":"https:\/\/acio-official.org\/sv\/wp-json\/wp\/v2\/categories?post=749"},{"taxonomy":"post_tag","embeddable":true,"href":"https:\/\/acio-official.org\/sv\/wp-json\/wp\/v2\/tags?post=749"}],"curies":[{"name":"wp","href":"https:\/\/api.w.org\/{rel}","templated":true}]}}