{"id":749,"date":"2021-06-29T03:45:17","date_gmt":"2021-06-29T03:45:17","guid":{"rendered":"https:\/\/mrr.ixy.mybluehost.me\/website_dcad05ef\/?p=749"},"modified":"2021-07-22T21:29:24","modified_gmt":"2021-07-22T21:29:24","slug":"the-nazi-agenda","status":"publish","type":"post","link":"https:\/\/acio-official.org\/pt\/2021\/06\/29\/the-nazi-agenda\/","title":{"rendered":"A Agenda Nazista"},"content":{"rendered":"<div data-elementor-type=\"wp-post\" data-elementor-id=\"749\" class=\"elementor elementor-749\">\n\t\t\t\t\t\t<section class=\"elementor-section elementor-top-section elementor-element elementor-element-d0a2b72 elementor-section-boxed elementor-section-height-default elementor-section-height-default\" data-id=\"d0a2b72\" data-element_type=\"section\" data-e-type=\"section\">\n\t\t\t\t\t\t<div class=\"elementor-container elementor-column-gap-default\">\n\t\t\t\t\t<div class=\"elementor-column elementor-col-100 elementor-top-column elementor-element elementor-element-4715822\" data-id=\"4715822\" data-element_type=\"column\" data-e-type=\"column\">\n\t\t\t<div class=\"elementor-widget-wrap elementor-element-populated\">\n\t\t\t\t\t\t<div class=\"elementor-element elementor-element-67f35de elementor-widget elementor-widget-text-editor\" data-id=\"67f35de\" data-element_type=\"widget\" data-e-type=\"widget\" data-widget_type=\"text-editor.default\">\n\t\t\t\t<div class=\"elementor-widget-container\">\n\t\t\t\t\t\t\t\t\t<p><span style=\"font-weight: 400;\">Quando se trata de explicar a hist\u00f3ria do nazismo, nenhum outro grupo ou t\u00f3pico traz \u00e0 tona tanto \u00f3dio, repulsa e julgamento universal a ponto de se tornar uma caricatura do pr\u00f3prio mal. Embora seja verdade que Hitler e os nazistas cometeram atrocidades em n\u00edveis n\u00e3o facilmente compar\u00e1veis a outros eventos da hist\u00f3ria, o in\u00edcio e a progress\u00e3o originais do partido nazista foram muito menos unilaterais e mais complexos em suas origens. De acordo com a ACIO, muitos dos indiv\u00edduos e grupos ao longo da hist\u00f3ria que tentaram esquemas de domina\u00e7\u00e3o mundial, conquista e massacre o fizeram principalmente por interven\u00e7\u00e3o de ETs ou organiza\u00e7\u00f5es negativos. Indiv\u00edduos como Mao Zedong, Napole\u00e3o e Ghengis Khan foram todos submetidos a intensa manipula\u00e7\u00e3o do controle mental por grupos externos e Hitler e os nazistas n\u00e3o s\u00e3o exce\u00e7\u00e3o. \u00c9 relatado pela ACIO que grupos negativos, como o <a href=\"https:\/\/mrr.ixy.mybluehost.me\/website_dcad05ef\/2021\/07\/02\/worldwide-military-corporations\/\">Shaw House<\/a> e uma ra\u00e7a de extraterrestres conhecida como Arbons teve uma influ\u00eancia direta em Hitler usando tecnologia de controle mental junto com grande parte da lideran\u00e7a nazista. \u00c9 relatado que esta influ\u00eancia negativa come\u00e7ou a aparecer desde os tempos da Sociedade Vrill, quando Maria Orsic e Sigrun ajudaram a canalizar informa\u00e7\u00f5es sobre tecnologia avan\u00e7ada de Aldebaran e outras ra\u00e7as de ET. Durante este tempo, os nazistas estavam fazendo tentativas de se conectar psiquicamente com seus ancestrais arianos para bons prop\u00f3sitos, apenas para se conectar a esmo com grupos ET negativos que os levariam \u00e0 guerra, conquista e massacre. Esta s\u00e9rie de eventos provaria ser uma trag\u00e9dia de um n\u00edvel imenso, j\u00e1 que os nazistas poderiam ter agido potencialmente como uma for\u00e7a neutra ou mesmo positiva no mundo se n\u00e3o tivessem sido cooptados e sequestrados por outros grupos negativos para acender o caos no mundo.\u00a0<\/span><\/p>\t\t\t\t\t\t\t\t<\/div>\n\t\t\t\t<\/div>\n\t\t\t\t\t<\/div>\n\t\t<\/div>\n\t\t\t\t\t<\/div>\n\t\t<\/section>\n\t\t\t\t<section class=\"elementor-section elementor-top-section elementor-element elementor-element-ceae525 elementor-section-boxed elementor-section-height-default elementor-section-height-default\" data-id=\"ceae525\" data-element_type=\"section\" data-e-type=\"section\">\n\t\t\t\t\t\t<div class=\"elementor-container elementor-column-gap-default\">\n\t\t\t\t\t<div class=\"elementor-column elementor-col-50 elementor-top-column elementor-element elementor-element-268cf54\" data-id=\"268cf54\" data-element_type=\"column\" data-e-type=\"column\">\n\t\t\t<div class=\"elementor-widget-wrap elementor-element-populated\">\n\t\t\t\t\t\t<div class=\"elementor-element elementor-element-ec790c8 elementor-widget elementor-widget-image\" data-id=\"ec790c8\" data-element_type=\"widget\" data-e-type=\"widget\" data-widget_type=\"image.default\">\n\t\t\t\t<div class=\"elementor-widget-container\">\n\t\t\t\t\t\t\t\t\t\t\t\t\t\t\t<img fetchpriority=\"high\" decoding=\"async\" width=\"600\" height=\"600\" src=\"https:\/\/acio-official.org\/wp-content\/uploads\/2021\/06\/800px-Taurus_constellation_map.svg.png\" class=\"attachment-large size-large wp-image-920\" alt=\"\" srcset=\"https:\/\/acio-official.org\/wp-content\/uploads\/2021\/06\/800px-Taurus_constellation_map.svg.png 800w, https:\/\/acio-official.org\/wp-content\/uploads\/2021\/06\/800px-Taurus_constellation_map.svg-300x300.png 300w, https:\/\/acio-official.org\/wp-content\/uploads\/2021\/06\/800px-Taurus_constellation_map.svg-150x150.png 150w, https:\/\/acio-official.org\/wp-content\/uploads\/2021\/06\/800px-Taurus_constellation_map.svg-768x768.png 768w, https:\/\/acio-official.org\/wp-content\/uploads\/2021\/06\/800px-Taurus_constellation_map.svg-12x12.png 12w, https:\/\/acio-official.org\/wp-content\/uploads\/2021\/06\/800px-Taurus_constellation_map.svg-600x600.png 600w, https:\/\/acio-official.org\/wp-content\/uploads\/2021\/06\/800px-Taurus_constellation_map.svg-649x649.png 649w\" sizes=\"(max-width: 600px) 100vw, 600px\" \/>\t\t\t\t\t\t\t\t\t\t\t\t\t\t\t<\/div>\n\t\t\t\t<\/div>\n\t\t\t\t\t<\/div>\n\t\t<\/div>\n\t\t\t\t<div class=\"elementor-column elementor-col-50 elementor-top-column elementor-element elementor-element-887158c\" data-id=\"887158c\" data-element_type=\"column\" data-e-type=\"column\">\n\t\t\t<div class=\"elementor-widget-wrap elementor-element-populated\">\n\t\t\t\t\t\t<div class=\"elementor-element elementor-element-33fdd03 elementor-widget elementor-widget-image\" data-id=\"33fdd03\" data-element_type=\"widget\" data-e-type=\"widget\" data-widget_type=\"image.default\">\n\t\t\t\t<div class=\"elementor-widget-container\">\n\t\t\t\t\t\t\t\t\t\t\t\t\t\t\t<img decoding=\"async\" width=\"500\" height=\"281\" src=\"https:\/\/acio-official.org\/wp-content\/uploads\/2021\/07\/75ab7b10102abcb14cff10b06a9b2b7e.jpg\" class=\"attachment-large size-large wp-image-909\" alt=\"\" srcset=\"https:\/\/acio-official.org\/wp-content\/uploads\/2021\/07\/75ab7b10102abcb14cff10b06a9b2b7e.jpg 500w, https:\/\/acio-official.org\/wp-content\/uploads\/2021\/07\/75ab7b10102abcb14cff10b06a9b2b7e-300x169.jpg 300w, https:\/\/acio-official.org\/wp-content\/uploads\/2021\/07\/75ab7b10102abcb14cff10b06a9b2b7e-16x9.jpg 16w\" sizes=\"(max-width: 500px) 100vw, 500px\" \/>\t\t\t\t\t\t\t\t\t\t\t\t\t\t\t<\/div>\n\t\t\t\t<\/div>\n\t\t\t\t\t<\/div>\n\t\t<\/div>\n\t\t\t\t\t<\/div>\n\t\t<\/section>\n\t\t\t\t<section class=\"elementor-section elementor-top-section elementor-element elementor-element-6e11be55 elementor-section-boxed elementor-section-height-default elementor-section-height-default\" data-id=\"6e11be55\" data-element_type=\"section\" data-e-type=\"section\">\n\t\t\t\t\t\t<div class=\"elementor-container elementor-column-gap-default\">\n\t\t\t\t\t<div class=\"elementor-column elementor-col-100 elementor-top-column elementor-element elementor-element-552efc2\" data-id=\"552efc2\" data-element_type=\"column\" data-e-type=\"column\">\n\t\t\t<div class=\"elementor-widget-wrap elementor-element-populated\">\n\t\t\t\t\t\t<div class=\"elementor-element elementor-element-245ce5af elementor-widget elementor-widget-text-editor\" data-id=\"245ce5af\" data-element_type=\"widget\" data-e-type=\"widget\" data-widget_type=\"text-editor.default\">\n\t\t\t\t<div class=\"elementor-widget-container\">\n\t\t\t\t\t\t\t\t\t\n<p><span style=\"font-weight: 400;\">Nos dias modernos, muitos acreditam que a amea\u00e7a nazista se foi h\u00e1 muito tempo e \u00e9 uma coisa do passado desde o fim da Segunda Guerra Mundial. Hoje, os nazistas s\u00e3o geralmente conhecidos por serem objeto de piadas e compara\u00e7\u00f5es e insultos exagerados, especialmente na pol\u00edtica. No entanto, a verdade \u00e9 que a amea\u00e7a e a agenda nazistas sempre foram uma for\u00e7a poderosa, mesmo depois do fim da guerra. Ap\u00f3s o suposto suic\u00eddio de Hitler, grande parte da lideran\u00e7a nazista mudou-se para partes da Am\u00e9rica do Sul, bem como para a Ant\u00e1rtida, para se reagrupar a fim de eventualmente implantar seu avan\u00e7ado armamento e embarca\u00e7\u00f5es. Isso n\u00e3o \u00e9 bem conhecido pela maioria dos historiadores tradicionais, mas os Estados Unidos perderam uma grande batalha naval para os nazistas na Ant\u00e1rtica durante a Opera\u00e7\u00e3o Highjump. Com a clara superioridade tecnol\u00f3gica, a guerra foi praticamente vencida pelos nazistas. No entanto, em vez de escolher dominar o mundo ocidental pela for\u00e7a militar, o que teria exigido um gasto intenso de recursos, o regime nazista optou por se infiltrar em todas as facetas da lideran\u00e7a, m\u00eddia e cultura americanas por meio de iniciativas como <a href=\"https:\/\/en.wikipedia.org\/wiki\/Operation_Paperclip#:~:text=Operation%20Paperclip%20was%20a%20secret,Europe%2C%20between%201945%20and%201959.\">Opera\u00e7\u00e3o clipe de papel<\/a> a fim de governar das sombras. Isso foi referido como o 4\u00ba Imp\u00e9rio pelos nazistas, no entanto, a verdadeira extens\u00e3o da estrutura de poder dos nazistas era muito mais profunda. Tanto no p\u00f3lo norte quanto no p\u00f3lo sul do planeta, os nazistas j\u00e1 haviam estabelecido grandes cidades subterr\u00e2neas \u00e0s quais se referiam como o 5\u00ba imp\u00e9rio. \u00c9 a partir daqui que eles planejam e executam suas agendas em torno do controle da grande m\u00eddia, dos pol\u00edticos e iniciam propaganda para controlar as mentes do p\u00fablico.\u00a0<\/span><\/p>\n<p><span style=\"font-weight: 400;\">Hoje, a ACIO acredita firmemente que quase todos os aspectos da m\u00eddia e da cultura popular est\u00e3o repletos de propaganda sofisticada para manter o p\u00fablico em constante estado de confus\u00e3o, enquanto a maioria da popula\u00e7\u00e3o o nega completamente. Com as agendas e atividades ocorrendo, a ACIO projetou uma trajet\u00f3ria altamente negativa para o mundo moderno se as tend\u00eancias atuais continuarem. No entanto, na data de <a href=\"https:\/\/www.youtube.com\/watch?v=2gUzckQ6Ywk&amp;t=242s\">26 de abril de 2020<\/a>, um grande avan\u00e7o ocorreu onde nossa realidade atual foi capaz de se libertar da matriz artificial criada por Monarca e Mobius que nos prendeu nesta linha do tempo negativa. Hoje, nosso mundo \u00e9 capaz de se mover em dire\u00e7\u00e3o a uma linha do tempo muito mais positiva e nossa capacidade de agir em nosso livre arb\u00edtrio \u00e9 menos prejudicada e restringida, no entanto, ainda estamos vivenciando algumas das agendas negativas da realidade anterior ancorada negativamente como um efeito residual remanescente . Com o tempo, esperamos que isso diminua tamb\u00e9m.\u00a0<\/span><\/p>\n<p><span style=\"font-weight: 400;\">Neste momento, Peter projeta que estamos em um processo de fus\u00e3o com outra realidade de natureza altamente positiva. De acordo com Peter, essa nova realidade tem muito mais abund\u00e2ncia e riqueza, acesso a tecnologias melhores e muito menos desigualdades do que vemos em nosso mundo hoje. O surpreendente que deve ser mencionado sobre esta realidade \u00e9 que ela se origina de uma realidade alternativa onde os nazistas e os poderes do eixo conduzem principalmente o planeta. Para qualquer pessoa educada, isso soa como um cen\u00e1rio de fuga do inferno, onde a humanidade seria dominada por regras tir\u00e2nicas. No entanto, de acordo com Peter, nesta realidade alternativa, os nazistas e os japoneses nunca cometeram todas as atrocidades que foram documentadas em nossa hist\u00f3ria principal. Como mencionado anteriormente, todas as atrocidades que testemunhamos em nossa linha do tempo foram o resultado de Hitler e os nazistas serem sequestrados mentalmente e controlados por certos grupos negativos e ETs para seguirem por um caminho negativo sombrio. Sem essa influ\u00eancia, os nazistas n\u00e3o teriam cometido essas atrocidades e naturalmente teriam mudado para uma linha do tempo mais positiva e benevolente. Novamente, \u00e9 muito dif\u00edcil de acreditar para qualquer pessoa educada em hist\u00f3ria convencional, no entanto, esta informa\u00e7\u00e3o foi confirmada por Peter e a ACIO como sendo o caso. <\/span><\/p>\n\t\t\t\t\t\t\t\t<\/div>\n\t\t\t\t<\/div>\n\t\t\t\t\t<\/div>\n\t\t<\/div>\n\t\t\t\t\t<\/div>\n\t\t<\/section>\n\t\t\t\t<section class=\"elementor-section elementor-top-section elementor-element elementor-element-022d0bb elementor-section-boxed elementor-section-height-default elementor-section-height-default\" data-id=\"022d0bb\" data-element_type=\"section\" data-e-type=\"section\">\n\t\t\t\t\t\t<div class=\"elementor-container elementor-column-gap-default\">\n\t\t\t\t\t<div class=\"elementor-column elementor-col-100 elementor-top-column elementor-element elementor-element-db5f642\" data-id=\"db5f642\" data-element_type=\"column\" data-e-type=\"column\">\n\t\t\t<div class=\"elementor-widget-wrap elementor-element-populated\">\n\t\t\t\t\t\t<div class=\"elementor-element elementor-element-3b8bd9c elementor-widget elementor-widget-heading\" data-id=\"3b8bd9c\" data-element_type=\"widget\" data-e-type=\"widget\" data-widget_type=\"heading.default\">\n\t\t\t\t<div class=\"elementor-widget-container\">\n\t\t\t\t\t<h2 class=\"elementor-heading-title elementor-size-default\">Os primeiros of\u00edcios nazistas<\/h2>\t\t\t\t<\/div>\n\t\t\t\t<\/div>\n\t\t\t\t\t<\/div>\n\t\t<\/div>\n\t\t\t\t\t<\/div>\n\t\t<\/section>\n\t\t\t\t<section class=\"elementor-section elementor-top-section elementor-element elementor-element-5d52274 elementor-section-boxed elementor-section-height-default elementor-section-height-default\" data-id=\"5d52274\" data-element_type=\"section\" data-e-type=\"section\">\n\t\t\t\t\t\t<div class=\"elementor-container elementor-column-gap-default\">\n\t\t\t\t\t<div class=\"elementor-column elementor-col-66 elementor-top-column elementor-element elementor-element-ece3e92\" data-id=\"ece3e92\" data-element_type=\"column\" data-e-type=\"column\">\n\t\t\t<div class=\"elementor-widget-wrap elementor-element-populated\">\n\t\t\t\t\t\t<div class=\"elementor-element elementor-element-83ed052 elementor-widget elementor-widget-image\" data-id=\"83ed052\" data-element_type=\"widget\" data-e-type=\"widget\" data-widget_type=\"image.default\">\n\t\t\t\t<div class=\"elementor-widget-container\">\n\t\t\t\t\t\t\t\t\t\t\t\t\t\t\t<img decoding=\"async\" width=\"600\" height=\"336\" src=\"https:\/\/acio-official.org\/wp-content\/uploads\/2021\/06\/Screen-Shot-2021-06-28-at-8.43.42-PM-1024x574.png\" class=\"attachment-large size-large wp-image-750\" alt=\"\" srcset=\"https:\/\/acio-official.org\/wp-content\/uploads\/2021\/06\/Screen-Shot-2021-06-28-at-8.43.42-PM-1024x574.png 1024w, https:\/\/acio-official.org\/wp-content\/uploads\/2021\/06\/Screen-Shot-2021-06-28-at-8.43.42-PM-300x168.png 300w, https:\/\/acio-official.org\/wp-content\/uploads\/2021\/06\/Screen-Shot-2021-06-28-at-8.43.42-PM-768x431.png 768w, https:\/\/acio-official.org\/wp-content\/uploads\/2021\/06\/Screen-Shot-2021-06-28-at-8.43.42-PM-16x9.png 16w, https:\/\/acio-official.org\/wp-content\/uploads\/2021\/06\/Screen-Shot-2021-06-28-at-8.43.42-PM-600x337.png 600w, https:\/\/acio-official.org\/wp-content\/uploads\/2021\/06\/Screen-Shot-2021-06-28-at-8.43.42-PM.png 1109w\" sizes=\"(max-width: 600px) 100vw, 600px\" \/>\t\t\t\t\t\t\t\t\t\t\t\t\t\t\t<\/div>\n\t\t\t\t<\/div>\n\t\t\t\t\t<\/div>\n\t\t<\/div>\n\t\t\t\t<div class=\"elementor-column elementor-col-33 elementor-top-column elementor-element elementor-element-f848169\" data-id=\"f848169\" data-element_type=\"column\" data-e-type=\"column\">\n\t\t\t<div class=\"elementor-widget-wrap elementor-element-populated\">\n\t\t\t\t\t\t<div class=\"elementor-element elementor-element-d9fd44f elementor-widget elementor-widget-text-editor\" data-id=\"d9fd44f\" data-element_type=\"widget\" data-e-type=\"widget\" data-widget_type=\"text-editor.default\">\n\t\t\t\t<div class=\"elementor-widget-container\">\n\t\t\t\t\t\t\t\t\t<p><span style=\"font-weight: 400;\"><strong>Luftpanzer III<\/strong>: Ca\u00e7a nazista de 8\u00aa gera\u00e7\u00e3o. A primeira gera\u00e7\u00e3o de ca\u00e7as capaz de voar r\u00e1pido o suficiente para dobrar o espa\u00e7o. Originalmente com engenharia reversa da tecnologia de corrida n\u00f3rdica. <\/span><\/p>\t\t\t\t\t\t\t\t<\/div>\n\t\t\t\t<\/div>\n\t\t\t\t\t<\/div>\n\t\t<\/div>\n\t\t\t\t\t<\/div>\n\t\t<\/section>\n\t\t\t\t<section class=\"elementor-section elementor-top-section elementor-element elementor-element-64bd27f elementor-section-boxed elementor-section-height-default elementor-section-height-default\" data-id=\"64bd27f\" data-element_type=\"section\" data-e-type=\"section\">\n\t\t\t\t\t\t<div class=\"elementor-container elementor-column-gap-default\">\n\t\t\t\t\t<div class=\"elementor-column elementor-col-66 elementor-top-column elementor-element elementor-element-9babd24\" data-id=\"9babd24\" data-element_type=\"column\" data-e-type=\"column\">\n\t\t\t<div class=\"elementor-widget-wrap elementor-element-populated\">\n\t\t\t\t\t\t<div class=\"elementor-element elementor-element-3f2905c elementor-widget elementor-widget-image\" data-id=\"3f2905c\" data-element_type=\"widget\" data-e-type=\"widget\" data-widget_type=\"image.default\">\n\t\t\t\t<div class=\"elementor-widget-container\">\n\t\t\t\t\t\t\t\t\t\t\t\t\t\t\t<img loading=\"lazy\" decoding=\"async\" width=\"600\" height=\"348\" src=\"https:\/\/acio-official.org\/wp-content\/uploads\/2021\/06\/Screen-Shot-2021-06-29-at-10.47.01-PM.png\" class=\"attachment-large size-large wp-image-765\" alt=\"\" srcset=\"https:\/\/acio-official.org\/wp-content\/uploads\/2021\/06\/Screen-Shot-2021-06-29-at-10.47.01-PM.png 745w, https:\/\/acio-official.org\/wp-content\/uploads\/2021\/06\/Screen-Shot-2021-06-29-at-10.47.01-PM-300x174.png 300w, https:\/\/acio-official.org\/wp-content\/uploads\/2021\/06\/Screen-Shot-2021-06-29-at-10.47.01-PM-16x9.png 16w, https:\/\/acio-official.org\/wp-content\/uploads\/2021\/06\/Screen-Shot-2021-06-29-at-10.47.01-PM-600x348.png 600w\" sizes=\"(max-width: 600px) 100vw, 600px\" \/>\t\t\t\t\t\t\t\t\t\t\t\t\t\t\t<\/div>\n\t\t\t\t<\/div>\n\t\t\t\t\t<\/div>\n\t\t<\/div>\n\t\t\t\t<div class=\"elementor-column elementor-col-33 elementor-top-column elementor-element elementor-element-4243537\" data-id=\"4243537\" data-element_type=\"column\" data-e-type=\"column\">\n\t\t\t<div class=\"elementor-widget-wrap elementor-element-populated\">\n\t\t\t\t\t\t<div class=\"elementor-element elementor-element-40e04ea elementor-widget elementor-widget-text-editor\" data-id=\"40e04ea\" data-element_type=\"widget\" data-e-type=\"widget\" data-widget_type=\"text-editor.default\">\n\t\t\t\t<div class=\"elementor-widget-container\">\n\t\t\t\t\t\t\t\t\t<p><span style=\"font-weight: 400;\"><strong>Cockpit do Luftpanzer III<\/strong>: \u00c0 esquerda, podemos ver os bancos do capit\u00e3o e do navegador. O lado direito \u00e9 onde o segundo navegador e o operador de armas est\u00e3o sentados. <\/span><\/p>\t\t\t\t\t\t\t\t<\/div>\n\t\t\t\t<\/div>\n\t\t\t\t\t<\/div>\n\t\t<\/div>\n\t\t\t\t\t<\/div>\n\t\t<\/section>\n\t\t\t\t<section class=\"elementor-section elementor-top-section elementor-element elementor-element-21ecbab elementor-section-boxed elementor-section-height-default elementor-section-height-default\" data-id=\"21ecbab\" data-element_type=\"section\" data-e-type=\"section\">\n\t\t\t\t\t\t<div class=\"elementor-container elementor-column-gap-default\">\n\t\t\t\t\t<div class=\"elementor-column elementor-col-66 elementor-top-column elementor-element elementor-element-2a885a6\" data-id=\"2a885a6\" data-element_type=\"column\" data-e-type=\"column\">\n\t\t\t<div class=\"elementor-widget-wrap elementor-element-populated\">\n\t\t\t\t\t\t<div class=\"elementor-element elementor-element-4702467 elementor-widget elementor-widget-image\" data-id=\"4702467\" data-element_type=\"widget\" data-e-type=\"widget\" data-widget_type=\"image.default\">\n\t\t\t\t<div class=\"elementor-widget-container\">\n\t\t\t\t\t\t\t\t\t\t\t\t\t\t\t<img loading=\"lazy\" decoding=\"async\" width=\"600\" height=\"292\" src=\"https:\/\/acio-official.org\/wp-content\/uploads\/2021\/06\/nazi-ufo-2-1024x499.jpg\" class=\"attachment-large size-large wp-image-766\" alt=\"\" srcset=\"https:\/\/acio-official.org\/wp-content\/uploads\/2021\/06\/nazi-ufo-2-1024x499.jpg 1024w, https:\/\/acio-official.org\/wp-content\/uploads\/2021\/06\/nazi-ufo-2-300x146.jpg 300w, https:\/\/acio-official.org\/wp-content\/uploads\/2021\/06\/nazi-ufo-2-768x374.jpg 768w, https:\/\/acio-official.org\/wp-content\/uploads\/2021\/06\/nazi-ufo-2-16x8.jpg 16w, https:\/\/acio-official.org\/wp-content\/uploads\/2021\/06\/nazi-ufo-2-600x293.jpg 600w, https:\/\/acio-official.org\/wp-content\/uploads\/2021\/06\/nazi-ufo-2-1331x649.jpg 1331w, https:\/\/acio-official.org\/wp-content\/uploads\/2021\/06\/nazi-ufo-2.jpg 1366w\" sizes=\"(max-width: 600px) 100vw, 600px\" \/>\t\t\t\t\t\t\t\t\t\t\t\t\t\t\t<\/div>\n\t\t\t\t<\/div>\n\t\t\t\t\t<\/div>\n\t\t<\/div>\n\t\t\t\t<div class=\"elementor-column elementor-col-33 elementor-top-column elementor-element elementor-element-50a2ccb\" data-id=\"50a2ccb\" data-element_type=\"column\" data-e-type=\"column\">\n\t\t\t<div class=\"elementor-widget-wrap elementor-element-populated\">\n\t\t\t\t\t\t<div class=\"elementor-element elementor-element-c936ed9 elementor-widget elementor-widget-text-editor\" data-id=\"c936ed9\" data-element_type=\"widget\" data-e-type=\"widget\" data-widget_type=\"text-editor.default\">\n\t\t\t\t<div class=\"elementor-widget-container\">\n\t\t\t\t\t\t\t\t\t<p><span style=\"font-weight: 400;\"><strong>Luftpanzer VII<\/strong> : Ca\u00e7a nazista de 12\u00aa gera\u00e7\u00e3o. Primeira nave a viajar atrav\u00e9s de buracos de minhoca movidos por motores de fus\u00e3o de hidrog\u00eanio. Capaz de viajar entre linhas do tempo, realidades, universos, dimens\u00f5es e megaversos. <\/span><\/p>\t\t\t\t\t\t\t\t<\/div>\n\t\t\t\t<\/div>\n\t\t\t\t\t<\/div>\n\t\t<\/div>\n\t\t\t\t\t<\/div>\n\t\t<\/section>\n\t\t\t\t<\/div>","protected":false},"excerpt":{"rendered":"<p>When it comes to explaining the history of the Nazi\u2019s, no other group or topic brings up such universal hatred, disgust, and judgement to the point that it has become a caricature for evil itself. While it is true that Hitler and the Nazi\u2019s did commit atrocities to levels not easily comparable to other events [&hellip;]<\/p>\n","protected":false},"author":1,"featured_media":750,"comment_status":"closed","ping_status":"closed","sticky":false,"template":"","format":"standard","meta":{"om_disable_all_campaigns":false,"site-sidebar-layout":"default","site-content-layout":"default","ast-site-content-layout":"default","site-content-style":"default","site-sidebar-style":"default","ast-global-header-display":"","ast-banner-title-visibility":"","ast-main-header-display":"","ast-hfb-above-header-display":"","ast-hfb-below-header-display":"","ast-hfb-mobile-header-display":"","site-post-title":"","ast-breadcrumbs-content":"","ast-featured-img":"","footer-sml-layout":"","ast-disable-related-posts":"","theme-transparent-header-meta":"default","adv-header-id-meta":"","stick-header-meta":"default","header-above-stick-meta":"","header-main-stick-meta":"","header-below-stick-meta":"","astra-migrate-meta-layouts":"default","ast-page-background-enabled":"default","ast-page-background-meta":{"desktop":{"background-color":"","background-image":"","background-repeat":"repeat","background-position":"center center","background-size":"auto","background-attachment":"scroll","background-type":"","background-media":"","overlay-type":"","overlay-color":"","overlay-opacity":"","overlay-gradient":""},"tablet":{"background-color":"","background-image":"","background-repeat":"repeat","background-position":"center center","background-size":"auto","background-attachment":"scroll","background-type":"","background-media":"","overlay-type":"","overlay-color":"","overlay-opacity":"","overlay-gradient":""},"mobile":{"background-color":"","background-image":"","background-repeat":"repeat","background-position":"center center","background-size":"auto","background-attachment":"scroll","background-type":"","background-media":"","overlay-type":"","overlay-color":"","overlay-opacity":"","overlay-gradient":""}},"ast-content-background-meta":{"desktop":{"background-color":"var(--ast-global-color-5)","background-image":"","background-repeat":"repeat","background-position":"center center","background-size":"auto","background-attachment":"scroll","background-type":"","background-media":"","overlay-type":"","overlay-color":"","overlay-opacity":"","overlay-gradient":""},"tablet":{"background-color":"var(--ast-global-color-5)","background-image":"","background-repeat":"repeat","background-position":"center center","background-size":"auto","background-attachment":"scroll","background-type":"","background-media":"","overlay-type":"","overlay-color":"","overlay-opacity":"","overlay-gradient":""},"mobile":{"background-color":"var(--ast-global-color-5)","background-image":"","background-repeat":"repeat","background-position":"center center","background-size":"auto","background-attachment":"scroll","background-type":"","background-media":"","overlay-type":"","overlay-color":"","overlay-opacity":"","overlay-gradient":""}},"footnotes":""},"categories":[1],"tags":[],"class_list":["post-749","post","type-post","status-publish","format-standard","has-post-thumbnail","hentry","category-uncategorized"],"jetpack_featured_media_url":"https:\/\/acio-official.org\/wp-content\/uploads\/2021\/06\/Screen-Shot-2021-06-28-at-8.43.42-PM.png","_links":{"self":[{"href":"https:\/\/acio-official.org\/pt\/wp-json\/wp\/v2\/posts\/749","targetHints":{"allow":["GET"]}}],"collection":[{"href":"https:\/\/acio-official.org\/pt\/wp-json\/wp\/v2\/posts"}],"about":[{"href":"https:\/\/acio-official.org\/pt\/wp-json\/wp\/v2\/types\/post"}],"author":[{"embeddable":true,"href":"https:\/\/acio-official.org\/pt\/wp-json\/wp\/v2\/users\/1"}],"replies":[{"embeddable":true,"href":"https:\/\/acio-official.org\/pt\/wp-json\/wp\/v2\/comments?post=749"}],"version-history":[{"count":37,"href":"https:\/\/acio-official.org\/pt\/wp-json\/wp\/v2\/posts\/749\/revisions"}],"predecessor-version":[{"id":1127,"href":"https:\/\/acio-official.org\/pt\/wp-json\/wp\/v2\/posts\/749\/revisions\/1127"}],"wp:featuredmedia":[{"embeddable":true,"href":"https:\/\/acio-official.org\/pt\/wp-json\/wp\/v2\/media\/750"}],"wp:attachment":[{"href":"https:\/\/acio-official.org\/pt\/wp-json\/wp\/v2\/media?parent=749"}],"wp:term":[{"taxonomy":"category","embeddable":true,"href":"https:\/\/acio-official.org\/pt\/wp-json\/wp\/v2\/categories?post=749"},{"taxonomy":"post_tag","embeddable":true,"href":"https:\/\/acio-official.org\/pt\/wp-json\/wp\/v2\/tags?post=749"}],"curies":[{"name":"wp","href":"https:\/\/api.w.org\/{rel}","templated":true}]}}