{"id":749,"date":"2021-06-29T03:45:17","date_gmt":"2021-06-29T03:45:17","guid":{"rendered":"https:\/\/mrr.ixy.mybluehost.me\/website_dcad05ef\/?p=749"},"modified":"2021-07-22T21:29:24","modified_gmt":"2021-07-22T21:29:24","slug":"the-nazi-agenda","status":"publish","type":"post","link":"https:\/\/acio-official.org\/nb\/2021\/06\/29\/the-nazi-agenda\/","title":{"rendered":"Den nazistiske agendaen"},"content":{"rendered":"<div data-elementor-type=\"wp-post\" data-elementor-id=\"749\" class=\"elementor elementor-749\">\n\t\t\t\t\t\t<section class=\"elementor-section elementor-top-section elementor-element elementor-element-d0a2b72 elementor-section-boxed elementor-section-height-default elementor-section-height-default\" data-id=\"d0a2b72\" data-element_type=\"section\" data-e-type=\"section\">\n\t\t\t\t\t\t<div class=\"elementor-container elementor-column-gap-default\">\n\t\t\t\t\t<div class=\"elementor-column elementor-col-100 elementor-top-column elementor-element elementor-element-4715822\" data-id=\"4715822\" data-element_type=\"column\" data-e-type=\"column\">\n\t\t\t<div class=\"elementor-widget-wrap elementor-element-populated\">\n\t\t\t\t\t\t<div class=\"elementor-element elementor-element-67f35de elementor-widget elementor-widget-text-editor\" data-id=\"67f35de\" data-element_type=\"widget\" data-e-type=\"widget\" data-widget_type=\"text-editor.default\">\n\t\t\t\t<div class=\"elementor-widget-container\">\n\t\t\t\t\t\t\t\t\t<p><span style=\"font-weight: 400;\">N\u00e5r det gjelder \u00e5 forklare nazistenes historie, tar ingen andre grupper eller temaer opp s\u00e5 universelt hat, avsky og d\u00f8mmekraft at det har blitt en karikatur for det onde selv. Selv om det er sant at Hitler og nazistene begikk grusomheter p\u00e5 niv\u00e5er som ikke lett kan sammenlignes med andre hendelser i historien, var det opprinnelige oppstarten og utviklingen av det nazistiske partiet langt mindre ensidig og mer kompleks i sin opprinnelse. I f\u00f8lge ACIO har mange av individer og grupper gjennom historien som har fors\u00f8kt ordninger for verdensherred\u00f8mme, erobring og masseslakt, hovedsakelig gjort det fra intervensjon fra negative ET -er eller organisasjoner. Enkeltpersoner som Mao Zedong, Napoleon og Ghengis Khan kom alle under intens sinnskontrollmanipulering av eksterne grupper, og Hitler og nazistene er intet unntak. Det rapporteres av ACIO at negative grupper som <a href=\"https:\/\/mrr.ixy.mybluehost.me\/website_dcad05ef\/2021\/07\/02\/worldwide-military-corporations\/\">Shaw House<\/a> og et ET -l\u00f8p kjent som Arbons spilte en direkte h\u00e5nd i \u00e5 p\u00e5virke Hitler ved hjelp av tankekontrollteknologi sammen med mye av det nazistiske lederskapet. Det rapporteres at denne negative innflytelsen begynte \u00e5 dukke opp s\u00e5 langt tilbake som i tiden med Vrill Society da Maria Orsic og Sigrun hjalp til med \u00e5 kanalisere informasjon om avansert teknologi fra Aldebaran og andre ET -l\u00f8p. I l\u00f8pet av denne tiden gjorde nazistene fors\u00f8k p\u00e5 \u00e5 psykisk f\u00e5 kontakt med sine ariske forfedre for gode form\u00e5l, bare for \u00e5 tilfeldigvis f\u00e5 kontakt med negative ET -grupper som ville drive dem mot krig, erobring og masseslakting. Denne serien med hendelser ville vise seg \u00e5 v\u00e6re en tragedie p\u00e5 et enormt niv\u00e5, ettersom nazistenes potensielt kunne ha fungert som en n\u00f8ytral eller til og med en positiv kraft i verden hvis de ikke hadde blitt kooperert og kapret av andre negative grupper for \u00e5 tenne kaos i verden.\u00a0<\/span><\/p>\t\t\t\t\t\t\t\t<\/div>\n\t\t\t\t<\/div>\n\t\t\t\t\t<\/div>\n\t\t<\/div>\n\t\t\t\t\t<\/div>\n\t\t<\/section>\n\t\t\t\t<section class=\"elementor-section elementor-top-section elementor-element elementor-element-ceae525 elementor-section-boxed elementor-section-height-default elementor-section-height-default\" data-id=\"ceae525\" data-element_type=\"section\" data-e-type=\"section\">\n\t\t\t\t\t\t<div class=\"elementor-container elementor-column-gap-default\">\n\t\t\t\t\t<div class=\"elementor-column elementor-col-50 elementor-top-column elementor-element elementor-element-268cf54\" data-id=\"268cf54\" data-element_type=\"column\" data-e-type=\"column\">\n\t\t\t<div class=\"elementor-widget-wrap elementor-element-populated\">\n\t\t\t\t\t\t<div class=\"elementor-element elementor-element-ec790c8 elementor-widget elementor-widget-image\" data-id=\"ec790c8\" data-element_type=\"widget\" data-e-type=\"widget\" data-widget_type=\"image.default\">\n\t\t\t\t<div class=\"elementor-widget-container\">\n\t\t\t\t\t\t\t\t\t\t\t\t\t\t\t<img fetchpriority=\"high\" decoding=\"async\" width=\"600\" height=\"600\" src=\"https:\/\/acio-official.org\/wp-content\/uploads\/2021\/06\/800px-Taurus_constellation_map.svg.png\" class=\"attachment-large size-large wp-image-920\" alt=\"\" srcset=\"https:\/\/acio-official.org\/wp-content\/uploads\/2021\/06\/800px-Taurus_constellation_map.svg.png 800w, https:\/\/acio-official.org\/wp-content\/uploads\/2021\/06\/800px-Taurus_constellation_map.svg-300x300.png 300w, https:\/\/acio-official.org\/wp-content\/uploads\/2021\/06\/800px-Taurus_constellation_map.svg-150x150.png 150w, https:\/\/acio-official.org\/wp-content\/uploads\/2021\/06\/800px-Taurus_constellation_map.svg-768x768.png 768w, https:\/\/acio-official.org\/wp-content\/uploads\/2021\/06\/800px-Taurus_constellation_map.svg-12x12.png 12w, https:\/\/acio-official.org\/wp-content\/uploads\/2021\/06\/800px-Taurus_constellation_map.svg-600x600.png 600w, https:\/\/acio-official.org\/wp-content\/uploads\/2021\/06\/800px-Taurus_constellation_map.svg-649x649.png 649w\" sizes=\"(max-width: 600px) 100vw, 600px\" \/>\t\t\t\t\t\t\t\t\t\t\t\t\t\t\t<\/div>\n\t\t\t\t<\/div>\n\t\t\t\t\t<\/div>\n\t\t<\/div>\n\t\t\t\t<div class=\"elementor-column elementor-col-50 elementor-top-column elementor-element elementor-element-887158c\" data-id=\"887158c\" data-element_type=\"column\" data-e-type=\"column\">\n\t\t\t<div class=\"elementor-widget-wrap elementor-element-populated\">\n\t\t\t\t\t\t<div class=\"elementor-element elementor-element-33fdd03 elementor-widget elementor-widget-image\" data-id=\"33fdd03\" data-element_type=\"widget\" data-e-type=\"widget\" data-widget_type=\"image.default\">\n\t\t\t\t<div class=\"elementor-widget-container\">\n\t\t\t\t\t\t\t\t\t\t\t\t\t\t\t<img decoding=\"async\" width=\"500\" height=\"281\" src=\"https:\/\/acio-official.org\/wp-content\/uploads\/2021\/07\/75ab7b10102abcb14cff10b06a9b2b7e.jpg\" class=\"attachment-large size-large wp-image-909\" alt=\"\" srcset=\"https:\/\/acio-official.org\/wp-content\/uploads\/2021\/07\/75ab7b10102abcb14cff10b06a9b2b7e.jpg 500w, https:\/\/acio-official.org\/wp-content\/uploads\/2021\/07\/75ab7b10102abcb14cff10b06a9b2b7e-300x169.jpg 300w, https:\/\/acio-official.org\/wp-content\/uploads\/2021\/07\/75ab7b10102abcb14cff10b06a9b2b7e-16x9.jpg 16w\" sizes=\"(max-width: 500px) 100vw, 500px\" \/>\t\t\t\t\t\t\t\t\t\t\t\t\t\t\t<\/div>\n\t\t\t\t<\/div>\n\t\t\t\t\t<\/div>\n\t\t<\/div>\n\t\t\t\t\t<\/div>\n\t\t<\/section>\n\t\t\t\t<section class=\"elementor-section elementor-top-section elementor-element elementor-element-6e11be55 elementor-section-boxed elementor-section-height-default elementor-section-height-default\" data-id=\"6e11be55\" data-element_type=\"section\" data-e-type=\"section\">\n\t\t\t\t\t\t<div class=\"elementor-container elementor-column-gap-default\">\n\t\t\t\t\t<div class=\"elementor-column elementor-col-100 elementor-top-column elementor-element elementor-element-552efc2\" data-id=\"552efc2\" data-element_type=\"column\" data-e-type=\"column\">\n\t\t\t<div class=\"elementor-widget-wrap elementor-element-populated\">\n\t\t\t\t\t\t<div class=\"elementor-element elementor-element-245ce5af elementor-widget elementor-widget-text-editor\" data-id=\"245ce5af\" data-element_type=\"widget\" data-e-type=\"widget\" data-widget_type=\"text-editor.default\">\n\t\t\t\t<div class=\"elementor-widget-container\">\n\t\t\t\t\t\t\t\t\t\n<p><span style=\"font-weight: 400;\">I v\u00e5r tid tror mange at den nazistiske trusselen lenge har v\u00e6rt borte og er en ting som har g\u00e5tt fortiden siden andre verdenskrig ble avsluttet. I dag er nazister generelt kjent for \u00e5 v\u00e6re gjenstand for vitser og overdrevne sammenligninger og forn\u00e6rmelser, spesielt i politikk. Sannheten er imidlertid at den nazistiske trusselen og agendaen alltid har v\u00e6rt en mektig styrke selv godt etter krigens slutt. Etter Hitlers antatte selvmord, flyttet mye av den nazistiske ledelsen gjennom deler av S\u00f8r -Amerika s\u00e5 vel som Antarktis for \u00e5 omgruppere seg for \u00e5 til slutt distribuere deres avanserte v\u00e5pen og h\u00e5ndverk. Dette er ikke kjent av de fleste vanlige historikere, men USA tapte et stort sj\u00f8slag mot nazistene i Antarktis under Operation Highjump. Med den klare teknologiske overlegenheten var krigen alt annet enn vunnet for nazistenes. Men i stedet for \u00e5 velge \u00e5 dominere den vestlige verden med milit\u00e6r makt, noe som ville ha krevd intense ressursutgifter, valgte naziregimet i stedet \u00e5 infiltrere alle fasetter av det amerikanske lederskapet, media og kulturen gjennom tiltak som <a href=\"https:\/\/en.wikipedia.org\/wiki\/Operation_Paperclip#:~:text=Operation%20Paperclip%20was%20a%20secret,Europe%2C%20between%201945%20and%201959.\">Operation Paperclip<\/a> for \u00e5 styre fra skyggene. Dette ble omtalt som det fjerde imperiet av nazistenes, men den sanne omfanget av nazistenes maktstruktur gikk langt dypere. B\u00e5de p\u00e5 nord- og s\u00f8rpolen p\u00e5 planeten hadde nazistene allerede etablert store underjordiske byer som de omtalte som det 5. imperiet. Det er herfra at de plotter og utf\u00f8rer sine agendaer rundt \u00e5 kontrollere de vanlige mediene, politikerne og sette i gang propaganda for \u00e5 kontrollere tankene til offentligheten.\u00a0<\/span><\/p>\n<p><span style=\"font-weight: 400;\">I dag tror ACIO sterkt at nesten alle aspekter av de vanlige mediene og popul\u00e6rkulturen er full av sofistikert propaganda for \u00e5 holde publikum i konstant forvirring mens flertallet av befolkningen nekter det fullstendig. Da agendaene og aktivitetene fant sted, projiserte ACIO en sv\u00e6rt negativ bane for den moderne verden hvis dagens trender skulle fortsette. Imidlertid p\u00e5 datoen <a href=\"https:\/\/www.youtube.com\/watch?v=2gUzckQ6Ywk&amp;t=242s\">26. april 2020<\/a>, skjedde et stort gjennombrudd der v\u00e5r n\u00e5v\u00e6rende virkelighet var i stand til \u00e5 bryte fri av den kunstige matrisen som ble opprettet av Monarch og Mobius som fikk oss til \u00e5 l\u00e5se seg fast i denne negative tidslinjen. I dag er verden i stand til \u00e5 bevege oss mot en mye mer positiv tidslinje, og v\u00e5r evne til \u00e5 handle etter v\u00e5r frie vilje er mindre hemmet og begrenset, men vi opplever fortsatt noen av de negative agendaene fra den tidligere negativt forankrede virkeligheten som en dvelende resteffekt . Med tiden forventer vi at dette ogs\u00e5 vil avta etter hvert.\u00a0<\/span><\/p>\n<p><span style=\"font-weight: 400;\">P\u00e5 dette tidspunktet projiserer Peter at vi er i ferd med \u00e5 smelte sammen med en annen virkelighet som er sv\u00e6rt positiv i naturen. If\u00f8lge Peter har denne nye virkeligheten langt mer overflod og rikdom, tilgang til st\u00f8rre teknologier og mye f\u00e6rre ulikheter enn det vi ser i v\u00e5r verden i dag. Det overraskende som b\u00f8r nevnes om denne virkeligheten er at den stammer fra en alternativ virkelighet der nazistenes og aksemaktene f\u00f8rst og fremst leder planeten. For enhver utdannet person h\u00f8res dette ut som et helvete-scenario der menneskeheten ville bli dominert av tyrannisk styre. Imidlertid, if\u00f8lge Peter, i denne alternative virkeligheten begikk nazistenes og japanernes aldri alle grusomhetene som ble dokumentert i v\u00e5r hovedhistorie. Som nevnt tidligere, var alle grusomhetene vi er vitne til i v\u00e5r tidslinje et resultat av at Hitler og nazisten ble psykisk kapret og sinnet kontrollert av visse negative grupper og ET -er til \u00e5 g\u00e5 en m\u00f8rk negativ vei. Uten denne innflytelsen ville nazistene ikke ha beg\u00e5tt de grusomhetene, og de ville naturligvis ha beveget seg inn i en mer positiv og velvillig tidslinje. Igjen, dette er veldig vanskelig \u00e5 tro for alle som er utdannet om konvensjonell historie, men denne intellen har blitt bekreftet av Peter og ACIO for \u00e5 v\u00e6re tilfelle. <\/span><\/p>\n\t\t\t\t\t\t\t\t<\/div>\n\t\t\t\t<\/div>\n\t\t\t\t\t<\/div>\n\t\t<\/div>\n\t\t\t\t\t<\/div>\n\t\t<\/section>\n\t\t\t\t<section class=\"elementor-section elementor-top-section elementor-element elementor-element-022d0bb elementor-section-boxed elementor-section-height-default elementor-section-height-default\" data-id=\"022d0bb\" data-element_type=\"section\" data-e-type=\"section\">\n\t\t\t\t\t\t<div class=\"elementor-container elementor-column-gap-default\">\n\t\t\t\t\t<div class=\"elementor-column elementor-col-100 elementor-top-column elementor-element elementor-element-db5f642\" data-id=\"db5f642\" data-element_type=\"column\" data-e-type=\"column\">\n\t\t\t<div class=\"elementor-widget-wrap elementor-element-populated\">\n\t\t\t\t\t\t<div class=\"elementor-element elementor-element-3b8bd9c elementor-widget elementor-widget-heading\" data-id=\"3b8bd9c\" data-element_type=\"widget\" data-e-type=\"widget\" data-widget_type=\"heading.default\">\n\t\t\t\t<div class=\"elementor-widget-container\">\n\t\t\t\t\t<h2 class=\"elementor-heading-title elementor-size-default\">Tidlige nazistiske h\u00e5ndverk<\/h2>\t\t\t\t<\/div>\n\t\t\t\t<\/div>\n\t\t\t\t\t<\/div>\n\t\t<\/div>\n\t\t\t\t\t<\/div>\n\t\t<\/section>\n\t\t\t\t<section class=\"elementor-section elementor-top-section elementor-element elementor-element-5d52274 elementor-section-boxed elementor-section-height-default elementor-section-height-default\" data-id=\"5d52274\" data-element_type=\"section\" data-e-type=\"section\">\n\t\t\t\t\t\t<div class=\"elementor-container elementor-column-gap-default\">\n\t\t\t\t\t<div class=\"elementor-column elementor-col-66 elementor-top-column elementor-element elementor-element-ece3e92\" data-id=\"ece3e92\" data-element_type=\"column\" data-e-type=\"column\">\n\t\t\t<div class=\"elementor-widget-wrap elementor-element-populated\">\n\t\t\t\t\t\t<div class=\"elementor-element elementor-element-83ed052 elementor-widget elementor-widget-image\" data-id=\"83ed052\" data-element_type=\"widget\" data-e-type=\"widget\" data-widget_type=\"image.default\">\n\t\t\t\t<div class=\"elementor-widget-container\">\n\t\t\t\t\t\t\t\t\t\t\t\t\t\t\t<img decoding=\"async\" width=\"600\" height=\"336\" src=\"https:\/\/acio-official.org\/wp-content\/uploads\/2021\/06\/Screen-Shot-2021-06-28-at-8.43.42-PM-1024x574.png\" class=\"attachment-large size-large wp-image-750\" alt=\"\" srcset=\"https:\/\/acio-official.org\/wp-content\/uploads\/2021\/06\/Screen-Shot-2021-06-28-at-8.43.42-PM-1024x574.png 1024w, https:\/\/acio-official.org\/wp-content\/uploads\/2021\/06\/Screen-Shot-2021-06-28-at-8.43.42-PM-300x168.png 300w, https:\/\/acio-official.org\/wp-content\/uploads\/2021\/06\/Screen-Shot-2021-06-28-at-8.43.42-PM-768x431.png 768w, https:\/\/acio-official.org\/wp-content\/uploads\/2021\/06\/Screen-Shot-2021-06-28-at-8.43.42-PM-16x9.png 16w, https:\/\/acio-official.org\/wp-content\/uploads\/2021\/06\/Screen-Shot-2021-06-28-at-8.43.42-PM-600x337.png 600w, https:\/\/acio-official.org\/wp-content\/uploads\/2021\/06\/Screen-Shot-2021-06-28-at-8.43.42-PM.png 1109w\" sizes=\"(max-width: 600px) 100vw, 600px\" \/>\t\t\t\t\t\t\t\t\t\t\t\t\t\t\t<\/div>\n\t\t\t\t<\/div>\n\t\t\t\t\t<\/div>\n\t\t<\/div>\n\t\t\t\t<div class=\"elementor-column elementor-col-33 elementor-top-column elementor-element elementor-element-f848169\" data-id=\"f848169\" data-element_type=\"column\" data-e-type=\"column\">\n\t\t\t<div class=\"elementor-widget-wrap elementor-element-populated\">\n\t\t\t\t\t\t<div class=\"elementor-element elementor-element-d9fd44f elementor-widget elementor-widget-text-editor\" data-id=\"d9fd44f\" data-element_type=\"widget\" data-e-type=\"widget\" data-widget_type=\"text-editor.default\">\n\t\t\t\t<div class=\"elementor-widget-container\">\n\t\t\t\t\t\t\t\t\t<p><span style=\"font-weight: 400;\"><strong>Luftpanzer III<\/strong>: 8. generasjons nazistiske flyjager. Den f\u00f8rste generasjonen av krigere som er i stand til \u00e5 fly raskt nok til \u00e5 b\u00f8ye plass. Opprinnelig omvendt konstruert fra nordisk l\u00f8psteknologi. <\/span><\/p>\t\t\t\t\t\t\t\t<\/div>\n\t\t\t\t<\/div>\n\t\t\t\t\t<\/div>\n\t\t<\/div>\n\t\t\t\t\t<\/div>\n\t\t<\/section>\n\t\t\t\t<section class=\"elementor-section elementor-top-section elementor-element elementor-element-64bd27f elementor-section-boxed elementor-section-height-default elementor-section-height-default\" data-id=\"64bd27f\" data-element_type=\"section\" data-e-type=\"section\">\n\t\t\t\t\t\t<div class=\"elementor-container elementor-column-gap-default\">\n\t\t\t\t\t<div class=\"elementor-column elementor-col-66 elementor-top-column elementor-element elementor-element-9babd24\" data-id=\"9babd24\" data-element_type=\"column\" data-e-type=\"column\">\n\t\t\t<div class=\"elementor-widget-wrap elementor-element-populated\">\n\t\t\t\t\t\t<div class=\"elementor-element elementor-element-3f2905c elementor-widget elementor-widget-image\" data-id=\"3f2905c\" data-element_type=\"widget\" data-e-type=\"widget\" data-widget_type=\"image.default\">\n\t\t\t\t<div class=\"elementor-widget-container\">\n\t\t\t\t\t\t\t\t\t\t\t\t\t\t\t<img loading=\"lazy\" decoding=\"async\" width=\"600\" height=\"348\" src=\"https:\/\/acio-official.org\/wp-content\/uploads\/2021\/06\/Screen-Shot-2021-06-29-at-10.47.01-PM.png\" class=\"attachment-large size-large wp-image-765\" alt=\"\" srcset=\"https:\/\/acio-official.org\/wp-content\/uploads\/2021\/06\/Screen-Shot-2021-06-29-at-10.47.01-PM.png 745w, https:\/\/acio-official.org\/wp-content\/uploads\/2021\/06\/Screen-Shot-2021-06-29-at-10.47.01-PM-300x174.png 300w, https:\/\/acio-official.org\/wp-content\/uploads\/2021\/06\/Screen-Shot-2021-06-29-at-10.47.01-PM-16x9.png 16w, https:\/\/acio-official.org\/wp-content\/uploads\/2021\/06\/Screen-Shot-2021-06-29-at-10.47.01-PM-600x348.png 600w\" sizes=\"(max-width: 600px) 100vw, 600px\" \/>\t\t\t\t\t\t\t\t\t\t\t\t\t\t\t<\/div>\n\t\t\t\t<\/div>\n\t\t\t\t\t<\/div>\n\t\t<\/div>\n\t\t\t\t<div class=\"elementor-column elementor-col-33 elementor-top-column elementor-element elementor-element-4243537\" data-id=\"4243537\" data-element_type=\"column\" data-e-type=\"column\">\n\t\t\t<div class=\"elementor-widget-wrap elementor-element-populated\">\n\t\t\t\t\t\t<div class=\"elementor-element elementor-element-40e04ea elementor-widget elementor-widget-text-editor\" data-id=\"40e04ea\" data-element_type=\"widget\" data-e-type=\"widget\" data-widget_type=\"text-editor.default\">\n\t\t\t\t<div class=\"elementor-widget-container\">\n\t\t\t\t\t\t\t\t\t<p><span style=\"font-weight: 400;\"><strong>Cockpit of Luftpanzer III<\/strong>: Til venstre kan vi se kapteinen og navigat\u00f8rplassene. H\u00f8yre side er der den andre navigat\u00f8ren og v\u00e5penoperat\u00f8ren sitter. <\/span><\/p>\t\t\t\t\t\t\t\t<\/div>\n\t\t\t\t<\/div>\n\t\t\t\t\t<\/div>\n\t\t<\/div>\n\t\t\t\t\t<\/div>\n\t\t<\/section>\n\t\t\t\t<section class=\"elementor-section elementor-top-section elementor-element elementor-element-21ecbab elementor-section-boxed elementor-section-height-default elementor-section-height-default\" data-id=\"21ecbab\" data-element_type=\"section\" data-e-type=\"section\">\n\t\t\t\t\t\t<div class=\"elementor-container elementor-column-gap-default\">\n\t\t\t\t\t<div class=\"elementor-column elementor-col-66 elementor-top-column elementor-element elementor-element-2a885a6\" data-id=\"2a885a6\" data-element_type=\"column\" data-e-type=\"column\">\n\t\t\t<div class=\"elementor-widget-wrap elementor-element-populated\">\n\t\t\t\t\t\t<div class=\"elementor-element elementor-element-4702467 elementor-widget elementor-widget-image\" data-id=\"4702467\" data-element_type=\"widget\" data-e-type=\"widget\" data-widget_type=\"image.default\">\n\t\t\t\t<div class=\"elementor-widget-container\">\n\t\t\t\t\t\t\t\t\t\t\t\t\t\t\t<img loading=\"lazy\" decoding=\"async\" width=\"600\" height=\"292\" src=\"https:\/\/acio-official.org\/wp-content\/uploads\/2021\/06\/nazi-ufo-2-1024x499.jpg\" class=\"attachment-large size-large wp-image-766\" alt=\"\" srcset=\"https:\/\/acio-official.org\/wp-content\/uploads\/2021\/06\/nazi-ufo-2-1024x499.jpg 1024w, https:\/\/acio-official.org\/wp-content\/uploads\/2021\/06\/nazi-ufo-2-300x146.jpg 300w, https:\/\/acio-official.org\/wp-content\/uploads\/2021\/06\/nazi-ufo-2-768x374.jpg 768w, https:\/\/acio-official.org\/wp-content\/uploads\/2021\/06\/nazi-ufo-2-16x8.jpg 16w, https:\/\/acio-official.org\/wp-content\/uploads\/2021\/06\/nazi-ufo-2-600x293.jpg 600w, https:\/\/acio-official.org\/wp-content\/uploads\/2021\/06\/nazi-ufo-2-1331x649.jpg 1331w, https:\/\/acio-official.org\/wp-content\/uploads\/2021\/06\/nazi-ufo-2.jpg 1366w\" sizes=\"(max-width: 600px) 100vw, 600px\" \/>\t\t\t\t\t\t\t\t\t\t\t\t\t\t\t<\/div>\n\t\t\t\t<\/div>\n\t\t\t\t\t<\/div>\n\t\t<\/div>\n\t\t\t\t<div class=\"elementor-column elementor-col-33 elementor-top-column elementor-element elementor-element-50a2ccb\" data-id=\"50a2ccb\" data-element_type=\"column\" data-e-type=\"column\">\n\t\t\t<div class=\"elementor-widget-wrap elementor-element-populated\">\n\t\t\t\t\t\t<div class=\"elementor-element elementor-element-c936ed9 elementor-widget elementor-widget-text-editor\" data-id=\"c936ed9\" data-element_type=\"widget\" data-e-type=\"widget\" data-widget_type=\"text-editor.default\">\n\t\t\t\t<div class=\"elementor-widget-container\">\n\t\t\t\t\t\t\t\t\t<p><span style=\"font-weight: 400;\"><strong>Luftpanzer VII<\/strong> : 12. generasjons nazistiske flyjager. F\u00f8rste h\u00e5ndverket som ferdes gjennom ormehull drevet av hydrogenfusjonsmotorer. Kan reise mellom tidslinjer, virkeligheter, universer, dimensjoner og megaverser. <\/span><\/p>\t\t\t\t\t\t\t\t<\/div>\n\t\t\t\t<\/div>\n\t\t\t\t\t<\/div>\n\t\t<\/div>\n\t\t\t\t\t<\/div>\n\t\t<\/section>\n\t\t\t\t<\/div>","protected":false},"excerpt":{"rendered":"<p>When it comes to explaining the history of the Nazi\u2019s, no other group or topic brings up such universal hatred, disgust, and judgement to the point that it has become a caricature for evil itself. While it is true that Hitler and the Nazi\u2019s did commit atrocities to levels not easily comparable to other events [&hellip;]<\/p>\n","protected":false},"author":1,"featured_media":750,"comment_status":"closed","ping_status":"closed","sticky":false,"template":"","format":"standard","meta":{"om_disable_all_campaigns":false,"site-sidebar-layout":"default","site-content-layout":"default","ast-site-content-layout":"default","site-content-style":"default","site-sidebar-style":"default","ast-global-header-display":"","ast-banner-title-visibility":"","ast-main-header-display":"","ast-hfb-above-header-display":"","ast-hfb-below-header-display":"","ast-hfb-mobile-header-display":"","site-post-title":"","ast-breadcrumbs-content":"","ast-featured-img":"","footer-sml-layout":"","ast-disable-related-posts":"","theme-transparent-header-meta":"default","adv-header-id-meta":"","stick-header-meta":"default","header-above-stick-meta":"","header-main-stick-meta":"","header-below-stick-meta":"","astra-migrate-meta-layouts":"default","ast-page-background-enabled":"default","ast-page-background-meta":{"desktop":{"background-color":"","background-image":"","background-repeat":"repeat","background-position":"center center","background-size":"auto","background-attachment":"scroll","background-type":"","background-media":"","overlay-type":"","overlay-color":"","overlay-opacity":"","overlay-gradient":""},"tablet":{"background-color":"","background-image":"","background-repeat":"repeat","background-position":"center center","background-size":"auto","background-attachment":"scroll","background-type":"","background-media":"","overlay-type":"","overlay-color":"","overlay-opacity":"","overlay-gradient":""},"mobile":{"background-color":"","background-image":"","background-repeat":"repeat","background-position":"center center","background-size":"auto","background-attachment":"scroll","background-type":"","background-media":"","overlay-type":"","overlay-color":"","overlay-opacity":"","overlay-gradient":""}},"ast-content-background-meta":{"desktop":{"background-color":"var(--ast-global-color-5)","background-image":"","background-repeat":"repeat","background-position":"center center","background-size":"auto","background-attachment":"scroll","background-type":"","background-media":"","overlay-type":"","overlay-color":"","overlay-opacity":"","overlay-gradient":""},"tablet":{"background-color":"var(--ast-global-color-5)","background-image":"","background-repeat":"repeat","background-position":"center center","background-size":"auto","background-attachment":"scroll","background-type":"","background-media":"","overlay-type":"","overlay-color":"","overlay-opacity":"","overlay-gradient":""},"mobile":{"background-color":"var(--ast-global-color-5)","background-image":"","background-repeat":"repeat","background-position":"center center","background-size":"auto","background-attachment":"scroll","background-type":"","background-media":"","overlay-type":"","overlay-color":"","overlay-opacity":"","overlay-gradient":""}},"footnotes":""},"categories":[1],"tags":[],"class_list":["post-749","post","type-post","status-publish","format-standard","has-post-thumbnail","hentry","category-uncategorized"],"jetpack_featured_media_url":"https:\/\/acio-official.org\/wp-content\/uploads\/2021\/06\/Screen-Shot-2021-06-28-at-8.43.42-PM.png","_links":{"self":[{"href":"https:\/\/acio-official.org\/nb\/wp-json\/wp\/v2\/posts\/749","targetHints":{"allow":["GET"]}}],"collection":[{"href":"https:\/\/acio-official.org\/nb\/wp-json\/wp\/v2\/posts"}],"about":[{"href":"https:\/\/acio-official.org\/nb\/wp-json\/wp\/v2\/types\/post"}],"author":[{"embeddable":true,"href":"https:\/\/acio-official.org\/nb\/wp-json\/wp\/v2\/users\/1"}],"replies":[{"embeddable":true,"href":"https:\/\/acio-official.org\/nb\/wp-json\/wp\/v2\/comments?post=749"}],"version-history":[{"count":37,"href":"https:\/\/acio-official.org\/nb\/wp-json\/wp\/v2\/posts\/749\/revisions"}],"predecessor-version":[{"id":1127,"href":"https:\/\/acio-official.org\/nb\/wp-json\/wp\/v2\/posts\/749\/revisions\/1127"}],"wp:featuredmedia":[{"embeddable":true,"href":"https:\/\/acio-official.org\/nb\/wp-json\/wp\/v2\/media\/750"}],"wp:attachment":[{"href":"https:\/\/acio-official.org\/nb\/wp-json\/wp\/v2\/media?parent=749"}],"wp:term":[{"taxonomy":"category","embeddable":true,"href":"https:\/\/acio-official.org\/nb\/wp-json\/wp\/v2\/categories?post=749"},{"taxonomy":"post_tag","embeddable":true,"href":"https:\/\/acio-official.org\/nb\/wp-json\/wp\/v2\/tags?post=749"}],"curies":[{"name":"wp","href":"https:\/\/api.w.org\/{rel}","templated":true}]}}