{"id":749,"date":"2021-06-29T03:45:17","date_gmt":"2021-06-29T03:45:17","guid":{"rendered":"https:\/\/mrr.ixy.mybluehost.me\/website_dcad05ef\/?p=749"},"modified":"2021-07-22T21:29:24","modified_gmt":"2021-07-22T21:29:24","slug":"the-nazi-agenda","status":"publish","type":"post","link":"https:\/\/acio-official.org\/it\/2021\/06\/29\/the-nazi-agenda\/","title":{"rendered":"L&#039;agenda nazista"},"content":{"rendered":"<div data-elementor-type=\"wp-post\" data-elementor-id=\"749\" class=\"elementor elementor-749\">\n\t\t\t\t\t\t<section class=\"elementor-section elementor-top-section elementor-element elementor-element-d0a2b72 elementor-section-boxed elementor-section-height-default elementor-section-height-default\" data-id=\"d0a2b72\" data-element_type=\"section\" data-e-type=\"section\">\n\t\t\t\t\t\t<div class=\"elementor-container elementor-column-gap-default\">\n\t\t\t\t\t<div class=\"elementor-column elementor-col-100 elementor-top-column elementor-element elementor-element-4715822\" data-id=\"4715822\" data-element_type=\"column\" data-e-type=\"column\">\n\t\t\t<div class=\"elementor-widget-wrap elementor-element-populated\">\n\t\t\t\t\t\t<div class=\"elementor-element elementor-element-67f35de elementor-widget elementor-widget-text-editor\" data-id=\"67f35de\" data-element_type=\"widget\" data-e-type=\"widget\" data-widget_type=\"text-editor.default\">\n\t\t\t\t<div class=\"elementor-widget-container\">\n\t\t\t\t\t\t\t\t\t<p><span style=\"font-weight: 400;\">Quando si tratta di spiegare la storia dei nazisti, nessun altro gruppo o argomento fa emergere un odio, un disgusto e un giudizio cos\u00ec universali al punto da diventare una caricatura del male stesso. Mentre \u00e8 vero che Hitler e i nazisti hanno commesso atrocit\u00e0 a livelli non facilmente paragonabili ad altri eventi nella storia, l&#039;inizio e la progressione originali del partito nazista erano molto meno unilaterali e pi\u00f9 complessi nelle sue origini. Secondo l&#039;ACIO, molti degli individui e dei gruppi nel corso della storia che hanno tentato schemi di dominazione mondiale, conquista e massacro di massa lo hanno fatto principalmente grazie all&#039;intervento di ET o organizzazioni negative. Individui come Mao Zedong, Napoleone e Gengis Khan sono stati tutti sottoposti a un&#039;intensa manipolazione del controllo mentale da parte di gruppi esterni e Hitler e i nazisti non fanno eccezione. \u00c8 riportato dall&#039;ACIO che gruppi negativi come il <a href=\"https:\/\/mrr.ixy.mybluehost.me\/website_dcad05ef\/2021\/07\/02\/worldwide-military-corporations\/\">Shaw House<\/a> e una razza ET conosciuta come gli Arbon ha giocato un ruolo diretto nell&#039;influenzare Hitler usando la tecnologia di controllo mentale insieme a gran parte della leadership nazista. \u00c8 stato riferito che questa influenza negativa inizi\u00f2 ad apparire fin dai tempi della Societ\u00e0 Vrill, quando Maria Orsic e Sigrun aiutarono a incanalare informazioni sulla tecnologia avanzata dagli Aldebaran e da altre razze ET. Durante questo periodo, i nazisti stavano facendo tentativi di connettersi psichicamente con i loro antenati ariani per buoni scopi, solo per connettersi a casaccio con gruppi ET negativi che li avrebbero guidati verso la guerra, la conquista e il massacro di massa. Questa serie di eventi si sarebbe rivelata una tragedia di un livello immenso in quanto i nazisti avrebbero potuto potenzialmente agire come una forza neutrale o addirittura positiva nel mondo se non fossero stati cooptati e dirottati da altri gruppi negativi per innescare il caos nel mondo.\u00a0<\/span><\/p>\t\t\t\t\t\t\t\t<\/div>\n\t\t\t\t<\/div>\n\t\t\t\t\t<\/div>\n\t\t<\/div>\n\t\t\t\t\t<\/div>\n\t\t<\/section>\n\t\t\t\t<section class=\"elementor-section elementor-top-section elementor-element elementor-element-ceae525 elementor-section-boxed elementor-section-height-default elementor-section-height-default\" data-id=\"ceae525\" data-element_type=\"section\" data-e-type=\"section\">\n\t\t\t\t\t\t<div class=\"elementor-container elementor-column-gap-default\">\n\t\t\t\t\t<div class=\"elementor-column elementor-col-50 elementor-top-column elementor-element elementor-element-268cf54\" data-id=\"268cf54\" data-element_type=\"column\" data-e-type=\"column\">\n\t\t\t<div class=\"elementor-widget-wrap elementor-element-populated\">\n\t\t\t\t\t\t<div class=\"elementor-element elementor-element-ec790c8 elementor-widget elementor-widget-image\" data-id=\"ec790c8\" data-element_type=\"widget\" data-e-type=\"widget\" data-widget_type=\"image.default\">\n\t\t\t\t<div class=\"elementor-widget-container\">\n\t\t\t\t\t\t\t\t\t\t\t\t\t\t\t<img fetchpriority=\"high\" decoding=\"async\" width=\"600\" height=\"600\" src=\"https:\/\/acio-official.org\/wp-content\/uploads\/2021\/06\/800px-Taurus_constellation_map.svg.png\" class=\"attachment-large size-large wp-image-920\" alt=\"\" srcset=\"https:\/\/acio-official.org\/wp-content\/uploads\/2021\/06\/800px-Taurus_constellation_map.svg.png 800w, https:\/\/acio-official.org\/wp-content\/uploads\/2021\/06\/800px-Taurus_constellation_map.svg-300x300.png 300w, https:\/\/acio-official.org\/wp-content\/uploads\/2021\/06\/800px-Taurus_constellation_map.svg-150x150.png 150w, https:\/\/acio-official.org\/wp-content\/uploads\/2021\/06\/800px-Taurus_constellation_map.svg-768x768.png 768w, https:\/\/acio-official.org\/wp-content\/uploads\/2021\/06\/800px-Taurus_constellation_map.svg-12x12.png 12w, https:\/\/acio-official.org\/wp-content\/uploads\/2021\/06\/800px-Taurus_constellation_map.svg-600x600.png 600w, https:\/\/acio-official.org\/wp-content\/uploads\/2021\/06\/800px-Taurus_constellation_map.svg-649x649.png 649w\" sizes=\"(max-width: 600px) 100vw, 600px\" \/>\t\t\t\t\t\t\t\t\t\t\t\t\t\t\t<\/div>\n\t\t\t\t<\/div>\n\t\t\t\t\t<\/div>\n\t\t<\/div>\n\t\t\t\t<div class=\"elementor-column elementor-col-50 elementor-top-column elementor-element elementor-element-887158c\" data-id=\"887158c\" data-element_type=\"column\" data-e-type=\"column\">\n\t\t\t<div class=\"elementor-widget-wrap elementor-element-populated\">\n\t\t\t\t\t\t<div class=\"elementor-element elementor-element-33fdd03 elementor-widget elementor-widget-image\" data-id=\"33fdd03\" data-element_type=\"widget\" data-e-type=\"widget\" data-widget_type=\"image.default\">\n\t\t\t\t<div class=\"elementor-widget-container\">\n\t\t\t\t\t\t\t\t\t\t\t\t\t\t\t<img decoding=\"async\" width=\"500\" height=\"281\" src=\"https:\/\/acio-official.org\/wp-content\/uploads\/2021\/07\/75ab7b10102abcb14cff10b06a9b2b7e.jpg\" class=\"attachment-large size-large wp-image-909\" alt=\"\" srcset=\"https:\/\/acio-official.org\/wp-content\/uploads\/2021\/07\/75ab7b10102abcb14cff10b06a9b2b7e.jpg 500w, https:\/\/acio-official.org\/wp-content\/uploads\/2021\/07\/75ab7b10102abcb14cff10b06a9b2b7e-300x169.jpg 300w, https:\/\/acio-official.org\/wp-content\/uploads\/2021\/07\/75ab7b10102abcb14cff10b06a9b2b7e-16x9.jpg 16w\" sizes=\"(max-width: 500px) 100vw, 500px\" \/>\t\t\t\t\t\t\t\t\t\t\t\t\t\t\t<\/div>\n\t\t\t\t<\/div>\n\t\t\t\t\t<\/div>\n\t\t<\/div>\n\t\t\t\t\t<\/div>\n\t\t<\/section>\n\t\t\t\t<section class=\"elementor-section elementor-top-section elementor-element elementor-element-6e11be55 elementor-section-boxed elementor-section-height-default elementor-section-height-default\" data-id=\"6e11be55\" data-element_type=\"section\" data-e-type=\"section\">\n\t\t\t\t\t\t<div class=\"elementor-container elementor-column-gap-default\">\n\t\t\t\t\t<div class=\"elementor-column elementor-col-100 elementor-top-column elementor-element elementor-element-552efc2\" data-id=\"552efc2\" data-element_type=\"column\" data-e-type=\"column\">\n\t\t\t<div class=\"elementor-widget-wrap elementor-element-populated\">\n\t\t\t\t\t\t<div class=\"elementor-element elementor-element-245ce5af elementor-widget elementor-widget-text-editor\" data-id=\"245ce5af\" data-element_type=\"widget\" data-e-type=\"widget\" data-widget_type=\"text-editor.default\">\n\t\t\t\t<div class=\"elementor-widget-container\">\n\t\t\t\t\t\t\t\t\t\n<p><span style=\"font-weight: 400;\">Ai giorni nostri, molti credono che la minaccia nazista sia scomparsa da tempo e una cosa del passato dalla conclusione della seconda guerra mondiale. Oggi, i nazisti sono generalmente noti come oggetto di scherzi, paragoni esagerati e insulti, soprattutto in politica. Tuttavia, la verit\u00e0 \u00e8 che la minaccia e l&#039;agenda nazista sono sempre state una forza potente anche dopo la conclusione della guerra. Dopo il presunto suicidio di Hitler, gran parte della leadership nazista si trasfer\u00ec in parti del Sud America e in Antartide per riorganizzarsi al fine di schierare le loro armi e imbarcazioni avanzate. Questo non \u00e8 ben noto alla maggior parte degli storici tradizionali, ma gli Stati Uniti hanno perso una grande battaglia navale contro i nazisti in Antartide durante l&#039;operazione Highjump. Con la netta superiorit\u00e0 tecnologica, la guerra fu quasi vinta per i nazisti. Tuttavia, invece di scegliere di dominare il mondo occidentale con la forza militare, che avrebbe richiesto un intenso dispendio di risorse, il regime nazista scelse invece di infiltrarsi in ogni aspetto della leadership, dei media e della cultura americani attraverso iniziative come <a href=\"https:\/\/en.wikipedia.org\/wiki\/Operation_Paperclip#:~:text=Operation%20Paperclip%20was%20a%20secret,Europe%2C%20between%201945%20and%201959.\">Operazione Paperclip<\/a> per governare dall&#039;ombra. Questo \u00e8 stato indicato come il 4\u00b0 Impero dai nazisti, tuttavia la vera estensione della struttura di potere nazista \u00e8 andata molto pi\u00f9 in profondit\u00e0. Sia al polo nord che al polo sud del pianeta, i nazisti avevano gi\u00e0 stabilito grandi citt\u00e0 sotterranee che chiamavano il quinto impero. \u00c8 da qui che tramano ed eseguono i loro programmi intorno al controllo dei media mainstream, dei politici e iniziano la propaganda per controllare le menti del pubblico.\u00a0<\/span><\/p>\n<p><span style=\"font-weight: 400;\">Oggi, l&#039;ACIO crede fermamente che quasi ogni aspetto dei media mainstream e della cultura popolare sia intrecciato con una propaganda sofisticata per mantenere il pubblico in un costante stato di confusione mentre la maggioranza della popolazione \u00e8 in completa negazione. Con le agende e le attivit\u00e0 in corso, l&#039;ACIO ha proiettato una traiettoria altamente negativa per il mondo moderno se le tendenze attuali dovessero continuare. Tuttavia, alla data di <a href=\"https:\/\/www.youtube.com\/watch?v=2gUzckQ6Ywk&amp;t=242s\">26 aprile 2020<\/a>, si \u00e8 verificato un importante passo avanti in cui la nostra realt\u00e0 attuale \u00e8 stata in grado di liberarsi dalla matrice artificiale creata da Monarch e Mobius che ci ha bloccato in questa linea temporale negativa. Oggi, il nostro mondo \u00e8 in grado di muoversi verso una linea temporale molto pi\u00f9 positiva e la nostra capacit\u00e0 di agire secondo il nostro libero arbitrio \u00e8 meno ostacolata e contenuta, tuttavia stiamo ancora sperimentando alcune delle agende negative della precedente realt\u00e0 ancorata negativamente come un effetto residuo persistente . Con il tempo, ci aspettiamo che anche questo diminuisca alla fine.\u00a0<\/span><\/p>\n<p><span style=\"font-weight: 400;\">In questo momento, Peter proietta che siamo in procinto di fonderci con un&#039;altra realt\u00e0 di natura altamente positiva. Secondo Peter, questa nuova realt\u00e0 ha molta pi\u00f9 abbondanza e ricchezza, accesso a tecnologie pi\u00f9 grandi e molte meno disuguaglianze di quelle che vediamo oggi nel nostro mondo. La cosa sorprendente che dovrebbe essere menzionata su questa realt\u00e0 \u00e8 che ha origine da una realt\u00e0 alternativa in cui i poteri nazisti e dell&#039;asse guidano principalmente il pianeta. A qualsiasi persona istruita, questo suona come uno scenario infernale in cui l&#039;umanit\u00e0 sarebbe dominata da un governo tirannico. Tuttavia, secondo Peter, in questa realt\u00e0 alternativa, i nazisti ei giapponesi non hanno mai commesso tutte le atrocit\u00e0 documentate nella nostra storia principale. Come accennato in precedenza, tutte le atrocit\u00e0 a cui assistiamo nella nostra linea temporale sono state il risultato di Hitler e dei nazisti che sono stati dirottati mentalmente e controllati dalla mente da alcuni gruppi negativi ed ET nel percorrere un oscuro sentiero negativo. Senza questa influenza, i nazisti non avrebbero commesso quelle atrocit\u00e0 e naturalmente si sarebbero spostati in una linea temporale pi\u00f9 positiva e benevola. Di nuovo, questo \u00e8 molto difficile da credere per chiunque sia istruito sulla storia convenzionale, tuttavia questa informazione \u00e8 stata confermata da Peter e dall&#039;ACIO per essere il caso. <\/span><\/p>\n\t\t\t\t\t\t\t\t<\/div>\n\t\t\t\t<\/div>\n\t\t\t\t\t<\/div>\n\t\t<\/div>\n\t\t\t\t\t<\/div>\n\t\t<\/section>\n\t\t\t\t<section class=\"elementor-section elementor-top-section elementor-element elementor-element-022d0bb elementor-section-boxed elementor-section-height-default elementor-section-height-default\" data-id=\"022d0bb\" data-element_type=\"section\" data-e-type=\"section\">\n\t\t\t\t\t\t<div class=\"elementor-container elementor-column-gap-default\">\n\t\t\t\t\t<div class=\"elementor-column elementor-col-100 elementor-top-column elementor-element elementor-element-db5f642\" data-id=\"db5f642\" data-element_type=\"column\" data-e-type=\"column\">\n\t\t\t<div class=\"elementor-widget-wrap elementor-element-populated\">\n\t\t\t\t\t\t<div class=\"elementor-element elementor-element-3b8bd9c elementor-widget elementor-widget-heading\" data-id=\"3b8bd9c\" data-element_type=\"widget\" data-e-type=\"widget\" data-widget_type=\"heading.default\">\n\t\t\t\t<div class=\"elementor-widget-container\">\n\t\t\t\t\t<h2 class=\"elementor-heading-title elementor-size-default\">I primi mestieri nazisti<\/h2>\t\t\t\t<\/div>\n\t\t\t\t<\/div>\n\t\t\t\t\t<\/div>\n\t\t<\/div>\n\t\t\t\t\t<\/div>\n\t\t<\/section>\n\t\t\t\t<section class=\"elementor-section elementor-top-section elementor-element elementor-element-5d52274 elementor-section-boxed elementor-section-height-default elementor-section-height-default\" data-id=\"5d52274\" data-element_type=\"section\" data-e-type=\"section\">\n\t\t\t\t\t\t<div class=\"elementor-container elementor-column-gap-default\">\n\t\t\t\t\t<div class=\"elementor-column elementor-col-66 elementor-top-column elementor-element elementor-element-ece3e92\" data-id=\"ece3e92\" data-element_type=\"column\" data-e-type=\"column\">\n\t\t\t<div class=\"elementor-widget-wrap elementor-element-populated\">\n\t\t\t\t\t\t<div class=\"elementor-element elementor-element-83ed052 elementor-widget elementor-widget-image\" data-id=\"83ed052\" data-element_type=\"widget\" data-e-type=\"widget\" data-widget_type=\"image.default\">\n\t\t\t\t<div class=\"elementor-widget-container\">\n\t\t\t\t\t\t\t\t\t\t\t\t\t\t\t<img decoding=\"async\" width=\"600\" height=\"336\" src=\"https:\/\/acio-official.org\/wp-content\/uploads\/2021\/06\/Screen-Shot-2021-06-28-at-8.43.42-PM-1024x574.png\" class=\"attachment-large size-large wp-image-750\" alt=\"\" srcset=\"https:\/\/acio-official.org\/wp-content\/uploads\/2021\/06\/Screen-Shot-2021-06-28-at-8.43.42-PM-1024x574.png 1024w, https:\/\/acio-official.org\/wp-content\/uploads\/2021\/06\/Screen-Shot-2021-06-28-at-8.43.42-PM-300x168.png 300w, https:\/\/acio-official.org\/wp-content\/uploads\/2021\/06\/Screen-Shot-2021-06-28-at-8.43.42-PM-768x431.png 768w, https:\/\/acio-official.org\/wp-content\/uploads\/2021\/06\/Screen-Shot-2021-06-28-at-8.43.42-PM-16x9.png 16w, https:\/\/acio-official.org\/wp-content\/uploads\/2021\/06\/Screen-Shot-2021-06-28-at-8.43.42-PM-600x337.png 600w, https:\/\/acio-official.org\/wp-content\/uploads\/2021\/06\/Screen-Shot-2021-06-28-at-8.43.42-PM.png 1109w\" sizes=\"(max-width: 600px) 100vw, 600px\" \/>\t\t\t\t\t\t\t\t\t\t\t\t\t\t\t<\/div>\n\t\t\t\t<\/div>\n\t\t\t\t\t<\/div>\n\t\t<\/div>\n\t\t\t\t<div class=\"elementor-column elementor-col-33 elementor-top-column elementor-element elementor-element-f848169\" data-id=\"f848169\" data-element_type=\"column\" data-e-type=\"column\">\n\t\t\t<div class=\"elementor-widget-wrap elementor-element-populated\">\n\t\t\t\t\t\t<div class=\"elementor-element elementor-element-d9fd44f elementor-widget elementor-widget-text-editor\" data-id=\"d9fd44f\" data-element_type=\"widget\" data-e-type=\"widget\" data-widget_type=\"text-editor.default\">\n\t\t\t\t<div class=\"elementor-widget-container\">\n\t\t\t\t\t\t\t\t\t<p><span style=\"font-weight: 400;\"><strong>Luftpanzer III<\/strong>: caccia aereo nazista di ottava generazione. La prima generazione di caccia in grado di volare abbastanza velocemente da piegare lo spazio. Originariamente retroingegnerizzato dalla tecnologia delle gare nordiche. <\/span><\/p>\t\t\t\t\t\t\t\t<\/div>\n\t\t\t\t<\/div>\n\t\t\t\t\t<\/div>\n\t\t<\/div>\n\t\t\t\t\t<\/div>\n\t\t<\/section>\n\t\t\t\t<section class=\"elementor-section elementor-top-section elementor-element elementor-element-64bd27f elementor-section-boxed elementor-section-height-default elementor-section-height-default\" data-id=\"64bd27f\" data-element_type=\"section\" data-e-type=\"section\">\n\t\t\t\t\t\t<div class=\"elementor-container elementor-column-gap-default\">\n\t\t\t\t\t<div class=\"elementor-column elementor-col-66 elementor-top-column elementor-element elementor-element-9babd24\" data-id=\"9babd24\" data-element_type=\"column\" data-e-type=\"column\">\n\t\t\t<div class=\"elementor-widget-wrap elementor-element-populated\">\n\t\t\t\t\t\t<div class=\"elementor-element elementor-element-3f2905c elementor-widget elementor-widget-image\" data-id=\"3f2905c\" data-element_type=\"widget\" data-e-type=\"widget\" data-widget_type=\"image.default\">\n\t\t\t\t<div class=\"elementor-widget-container\">\n\t\t\t\t\t\t\t\t\t\t\t\t\t\t\t<img loading=\"lazy\" decoding=\"async\" width=\"600\" height=\"348\" src=\"https:\/\/acio-official.org\/wp-content\/uploads\/2021\/06\/Screen-Shot-2021-06-29-at-10.47.01-PM.png\" class=\"attachment-large size-large wp-image-765\" alt=\"\" srcset=\"https:\/\/acio-official.org\/wp-content\/uploads\/2021\/06\/Screen-Shot-2021-06-29-at-10.47.01-PM.png 745w, https:\/\/acio-official.org\/wp-content\/uploads\/2021\/06\/Screen-Shot-2021-06-29-at-10.47.01-PM-300x174.png 300w, https:\/\/acio-official.org\/wp-content\/uploads\/2021\/06\/Screen-Shot-2021-06-29-at-10.47.01-PM-16x9.png 16w, https:\/\/acio-official.org\/wp-content\/uploads\/2021\/06\/Screen-Shot-2021-06-29-at-10.47.01-PM-600x348.png 600w\" sizes=\"(max-width: 600px) 100vw, 600px\" \/>\t\t\t\t\t\t\t\t\t\t\t\t\t\t\t<\/div>\n\t\t\t\t<\/div>\n\t\t\t\t\t<\/div>\n\t\t<\/div>\n\t\t\t\t<div class=\"elementor-column elementor-col-33 elementor-top-column elementor-element elementor-element-4243537\" data-id=\"4243537\" data-element_type=\"column\" data-e-type=\"column\">\n\t\t\t<div class=\"elementor-widget-wrap elementor-element-populated\">\n\t\t\t\t\t\t<div class=\"elementor-element elementor-element-40e04ea elementor-widget elementor-widget-text-editor\" data-id=\"40e04ea\" data-element_type=\"widget\" data-e-type=\"widget\" data-widget_type=\"text-editor.default\">\n\t\t\t\t<div class=\"elementor-widget-container\">\n\t\t\t\t\t\t\t\t\t<p><span style=\"font-weight: 400;\"><strong>Abitacolo di Luftpanzer III<\/strong>: Sulla sinistra si vedono i sedili del capitano e del navigatore. Il lato destro \u00e8 dove \u00e8 seduto il secondo navigatore e operatore delle armi. <\/span><\/p>\t\t\t\t\t\t\t\t<\/div>\n\t\t\t\t<\/div>\n\t\t\t\t\t<\/div>\n\t\t<\/div>\n\t\t\t\t\t<\/div>\n\t\t<\/section>\n\t\t\t\t<section class=\"elementor-section elementor-top-section elementor-element elementor-element-21ecbab elementor-section-boxed elementor-section-height-default elementor-section-height-default\" data-id=\"21ecbab\" data-element_type=\"section\" data-e-type=\"section\">\n\t\t\t\t\t\t<div class=\"elementor-container elementor-column-gap-default\">\n\t\t\t\t\t<div class=\"elementor-column elementor-col-66 elementor-top-column elementor-element elementor-element-2a885a6\" data-id=\"2a885a6\" data-element_type=\"column\" data-e-type=\"column\">\n\t\t\t<div class=\"elementor-widget-wrap elementor-element-populated\">\n\t\t\t\t\t\t<div class=\"elementor-element elementor-element-4702467 elementor-widget elementor-widget-image\" data-id=\"4702467\" data-element_type=\"widget\" data-e-type=\"widget\" data-widget_type=\"image.default\">\n\t\t\t\t<div class=\"elementor-widget-container\">\n\t\t\t\t\t\t\t\t\t\t\t\t\t\t\t<img loading=\"lazy\" decoding=\"async\" width=\"600\" height=\"292\" src=\"https:\/\/acio-official.org\/wp-content\/uploads\/2021\/06\/nazi-ufo-2-1024x499.jpg\" class=\"attachment-large size-large wp-image-766\" alt=\"\" srcset=\"https:\/\/acio-official.org\/wp-content\/uploads\/2021\/06\/nazi-ufo-2-1024x499.jpg 1024w, https:\/\/acio-official.org\/wp-content\/uploads\/2021\/06\/nazi-ufo-2-300x146.jpg 300w, https:\/\/acio-official.org\/wp-content\/uploads\/2021\/06\/nazi-ufo-2-768x374.jpg 768w, https:\/\/acio-official.org\/wp-content\/uploads\/2021\/06\/nazi-ufo-2-16x8.jpg 16w, https:\/\/acio-official.org\/wp-content\/uploads\/2021\/06\/nazi-ufo-2-600x293.jpg 600w, https:\/\/acio-official.org\/wp-content\/uploads\/2021\/06\/nazi-ufo-2-1331x649.jpg 1331w, https:\/\/acio-official.org\/wp-content\/uploads\/2021\/06\/nazi-ufo-2.jpg 1366w\" sizes=\"(max-width: 600px) 100vw, 600px\" \/>\t\t\t\t\t\t\t\t\t\t\t\t\t\t\t<\/div>\n\t\t\t\t<\/div>\n\t\t\t\t\t<\/div>\n\t\t<\/div>\n\t\t\t\t<div class=\"elementor-column elementor-col-33 elementor-top-column elementor-element elementor-element-50a2ccb\" data-id=\"50a2ccb\" data-element_type=\"column\" data-e-type=\"column\">\n\t\t\t<div class=\"elementor-widget-wrap elementor-element-populated\">\n\t\t\t\t\t\t<div class=\"elementor-element elementor-element-c936ed9 elementor-widget elementor-widget-text-editor\" data-id=\"c936ed9\" data-element_type=\"widget\" data-e-type=\"widget\" data-widget_type=\"text-editor.default\">\n\t\t\t\t<div class=\"elementor-widget-container\">\n\t\t\t\t\t\t\t\t\t<p><span style=\"font-weight: 400;\"><strong>Luftpanzer VII<\/strong> : caccia aereo nazista di 12a generazione. Primo velivolo a viaggiare attraverso i wormhole alimentati da motori a fusione di idrogeno. Capace di viaggiare tra linee temporali, realt\u00e0, universi, dimensioni e megaversi. <\/span><\/p>\t\t\t\t\t\t\t\t<\/div>\n\t\t\t\t<\/div>\n\t\t\t\t\t<\/div>\n\t\t<\/div>\n\t\t\t\t\t<\/div>\n\t\t<\/section>\n\t\t\t\t<\/div>","protected":false},"excerpt":{"rendered":"<p>When it comes to explaining the history of the Nazi\u2019s, no other group or topic brings up such universal hatred, disgust, and judgement to the point that it has become a caricature for evil itself. While it is true that Hitler and the Nazi\u2019s did commit atrocities to levels not easily comparable to other events [&hellip;]<\/p>\n","protected":false},"author":1,"featured_media":750,"comment_status":"closed","ping_status":"closed","sticky":false,"template":"","format":"standard","meta":{"om_disable_all_campaigns":false,"site-sidebar-layout":"default","site-content-layout":"default","ast-site-content-layout":"default","site-content-style":"default","site-sidebar-style":"default","ast-global-header-display":"","ast-banner-title-visibility":"","ast-main-header-display":"","ast-hfb-above-header-display":"","ast-hfb-below-header-display":"","ast-hfb-mobile-header-display":"","site-post-title":"","ast-breadcrumbs-content":"","ast-featured-img":"","footer-sml-layout":"","ast-disable-related-posts":"","theme-transparent-header-meta":"default","adv-header-id-meta":"","stick-header-meta":"default","header-above-stick-meta":"","header-main-stick-meta":"","header-below-stick-meta":"","astra-migrate-meta-layouts":"default","ast-page-background-enabled":"default","ast-page-background-meta":{"desktop":{"background-color":"","background-image":"","background-repeat":"repeat","background-position":"center center","background-size":"auto","background-attachment":"scroll","background-type":"","background-media":"","overlay-type":"","overlay-color":"","overlay-opacity":"","overlay-gradient":""},"tablet":{"background-color":"","background-image":"","background-repeat":"repeat","background-position":"center center","background-size":"auto","background-attachment":"scroll","background-type":"","background-media":"","overlay-type":"","overlay-color":"","overlay-opacity":"","overlay-gradient":""},"mobile":{"background-color":"","background-image":"","background-repeat":"repeat","background-position":"center center","background-size":"auto","background-attachment":"scroll","background-type":"","background-media":"","overlay-type":"","overlay-color":"","overlay-opacity":"","overlay-gradient":""}},"ast-content-background-meta":{"desktop":{"background-color":"var(--ast-global-color-5)","background-image":"","background-repeat":"repeat","background-position":"center center","background-size":"auto","background-attachment":"scroll","background-type":"","background-media":"","overlay-type":"","overlay-color":"","overlay-opacity":"","overlay-gradient":""},"tablet":{"background-color":"var(--ast-global-color-5)","background-image":"","background-repeat":"repeat","background-position":"center center","background-size":"auto","background-attachment":"scroll","background-type":"","background-media":"","overlay-type":"","overlay-color":"","overlay-opacity":"","overlay-gradient":""},"mobile":{"background-color":"var(--ast-global-color-5)","background-image":"","background-repeat":"repeat","background-position":"center center","background-size":"auto","background-attachment":"scroll","background-type":"","background-media":"","overlay-type":"","overlay-color":"","overlay-opacity":"","overlay-gradient":""}},"footnotes":""},"categories":[1],"tags":[],"class_list":["post-749","post","type-post","status-publish","format-standard","has-post-thumbnail","hentry","category-uncategorized"],"jetpack_featured_media_url":"https:\/\/acio-official.org\/wp-content\/uploads\/2021\/06\/Screen-Shot-2021-06-28-at-8.43.42-PM.png","_links":{"self":[{"href":"https:\/\/acio-official.org\/it\/wp-json\/wp\/v2\/posts\/749","targetHints":{"allow":["GET"]}}],"collection":[{"href":"https:\/\/acio-official.org\/it\/wp-json\/wp\/v2\/posts"}],"about":[{"href":"https:\/\/acio-official.org\/it\/wp-json\/wp\/v2\/types\/post"}],"author":[{"embeddable":true,"href":"https:\/\/acio-official.org\/it\/wp-json\/wp\/v2\/users\/1"}],"replies":[{"embeddable":true,"href":"https:\/\/acio-official.org\/it\/wp-json\/wp\/v2\/comments?post=749"}],"version-history":[{"count":37,"href":"https:\/\/acio-official.org\/it\/wp-json\/wp\/v2\/posts\/749\/revisions"}],"predecessor-version":[{"id":1127,"href":"https:\/\/acio-official.org\/it\/wp-json\/wp\/v2\/posts\/749\/revisions\/1127"}],"wp:featuredmedia":[{"embeddable":true,"href":"https:\/\/acio-official.org\/it\/wp-json\/wp\/v2\/media\/750"}],"wp:attachment":[{"href":"https:\/\/acio-official.org\/it\/wp-json\/wp\/v2\/media?parent=749"}],"wp:term":[{"taxonomy":"category","embeddable":true,"href":"https:\/\/acio-official.org\/it\/wp-json\/wp\/v2\/categories?post=749"},{"taxonomy":"post_tag","embeddable":true,"href":"https:\/\/acio-official.org\/it\/wp-json\/wp\/v2\/tags?post=749"}],"curies":[{"name":"wp","href":"https:\/\/api.w.org\/{rel}","templated":true}]}}