{"id":749,"date":"2021-06-29T03:45:17","date_gmt":"2021-06-29T03:45:17","guid":{"rendered":"https:\/\/mrr.ixy.mybluehost.me\/website_dcad05ef\/?p=749"},"modified":"2021-07-22T21:29:24","modified_gmt":"2021-07-22T21:29:24","slug":"the-nazi-agenda","status":"publish","type":"post","link":"https:\/\/acio-official.org\/es\/2021\/06\/29\/the-nazi-agenda\/","title":{"rendered":"La agenda nazi"},"content":{"rendered":"<div data-elementor-type=\"wp-post\" data-elementor-id=\"749\" class=\"elementor elementor-749\">\n\t\t\t\t\t\t<section class=\"elementor-section elementor-top-section elementor-element elementor-element-d0a2b72 elementor-section-boxed elementor-section-height-default elementor-section-height-default\" data-id=\"d0a2b72\" data-element_type=\"section\" data-e-type=\"section\">\n\t\t\t\t\t\t<div class=\"elementor-container elementor-column-gap-default\">\n\t\t\t\t\t<div class=\"elementor-column elementor-col-100 elementor-top-column elementor-element elementor-element-4715822\" data-id=\"4715822\" data-element_type=\"column\" data-e-type=\"column\">\n\t\t\t<div class=\"elementor-widget-wrap elementor-element-populated\">\n\t\t\t\t\t\t<div class=\"elementor-element elementor-element-67f35de elementor-widget elementor-widget-text-editor\" data-id=\"67f35de\" data-element_type=\"widget\" data-e-type=\"widget\" data-widget_type=\"text-editor.default\">\n\t\t\t\t<div class=\"elementor-widget-container\">\n\t\t\t\t\t\t\t\t\t<p><span style=\"font-weight: 400;\">Cuando se trata de explicar la historia de los nazis, ning\u00fan otro grupo o tema plantea un odio, un disgusto y un juicio tan universales hasta el punto de que se ha convertido en una caricatura del mal mismo. Si bien es cierto que Hitler y los nazis cometieron atrocidades a niveles que no son f\u00e1cilmente comparables a otros eventos de la historia, el inicio y la progresi\u00f3n originales del partido nazi fueron mucho menos unilaterales y m\u00e1s complejos en sus or\u00edgenes. Seg\u00fan la ACIO, muchos de los individuos y grupos a lo largo de la historia que han intentado esquemas de dominaci\u00f3n mundial, conquista y matanza masiva lo han hecho principalmente por la intervenci\u00f3n de extraterrestres u organizaciones negativas. Individuos como Mao Zedong, Napole\u00f3n y Ghengis Khan fueron sometidos a una intensa manipulaci\u00f3n de control mental por parte de grupos externos, y Hitler y los nazis no son una excepci\u00f3n. La ACIO informa que grupos negativos como el <a href=\"https:\/\/mrr.ixy.mybluehost.me\/website_dcad05ef\/2021\/07\/02\/worldwide-military-corporations\/\">Casa Shaw<\/a> y una raza extraterrestre conocida como los Arbons influy\u00f3 directamente en la influencia de Hitler utilizando la tecnolog\u00eda de control mental junto con gran parte del liderazgo nazi. Se informa que esta influencia negativa comenz\u00f3 a aparecer desde los tiempos de la Sociedad Vrill cuando Maria Orsic y Sigrun ayudaron a canalizar informaci\u00f3n sobre tecnolog\u00eda avanzada de los Aldebar\u00e1n y otras razas ET. Durante este tiempo, los nazis intentaron conectarse ps\u00edquicamente con sus antepasados arios con buenos prop\u00f3sitos, solo para conectarse al azar con grupos ET negativos que los llevar\u00edan a la guerra, la conquista y la matanza masiva. Esta serie de eventos resultar\u00eda ser una tragedia de un nivel inmenso, ya que los nazis podr\u00edan haber actuado potencialmente como una fuerza neutral o incluso positiva en el mundo si no hubieran sido cooptados y secuestrados por otros grupos negativos para encender el caos en el mundo. mundo.\u00a0<\/span><\/p>\t\t\t\t\t\t\t\t<\/div>\n\t\t\t\t<\/div>\n\t\t\t\t\t<\/div>\n\t\t<\/div>\n\t\t\t\t\t<\/div>\n\t\t<\/section>\n\t\t\t\t<section class=\"elementor-section elementor-top-section elementor-element elementor-element-ceae525 elementor-section-boxed elementor-section-height-default elementor-section-height-default\" data-id=\"ceae525\" data-element_type=\"section\" data-e-type=\"section\">\n\t\t\t\t\t\t<div class=\"elementor-container elementor-column-gap-default\">\n\t\t\t\t\t<div class=\"elementor-column elementor-col-50 elementor-top-column elementor-element elementor-element-268cf54\" data-id=\"268cf54\" data-element_type=\"column\" data-e-type=\"column\">\n\t\t\t<div class=\"elementor-widget-wrap elementor-element-populated\">\n\t\t\t\t\t\t<div class=\"elementor-element elementor-element-ec790c8 elementor-widget elementor-widget-image\" data-id=\"ec790c8\" data-element_type=\"widget\" data-e-type=\"widget\" data-widget_type=\"image.default\">\n\t\t\t\t<div class=\"elementor-widget-container\">\n\t\t\t\t\t\t\t\t\t\t\t\t\t\t\t<img fetchpriority=\"high\" decoding=\"async\" width=\"600\" height=\"600\" src=\"https:\/\/acio-official.org\/wp-content\/uploads\/2021\/06\/800px-Taurus_constellation_map.svg.png\" class=\"attachment-large size-large wp-image-920\" alt=\"\" srcset=\"https:\/\/acio-official.org\/wp-content\/uploads\/2021\/06\/800px-Taurus_constellation_map.svg.png 800w, https:\/\/acio-official.org\/wp-content\/uploads\/2021\/06\/800px-Taurus_constellation_map.svg-300x300.png 300w, https:\/\/acio-official.org\/wp-content\/uploads\/2021\/06\/800px-Taurus_constellation_map.svg-150x150.png 150w, https:\/\/acio-official.org\/wp-content\/uploads\/2021\/06\/800px-Taurus_constellation_map.svg-768x768.png 768w, https:\/\/acio-official.org\/wp-content\/uploads\/2021\/06\/800px-Taurus_constellation_map.svg-12x12.png 12w, https:\/\/acio-official.org\/wp-content\/uploads\/2021\/06\/800px-Taurus_constellation_map.svg-600x600.png 600w, https:\/\/acio-official.org\/wp-content\/uploads\/2021\/06\/800px-Taurus_constellation_map.svg-649x649.png 649w\" sizes=\"(max-width: 600px) 100vw, 600px\" \/>\t\t\t\t\t\t\t\t\t\t\t\t\t\t\t<\/div>\n\t\t\t\t<\/div>\n\t\t\t\t\t<\/div>\n\t\t<\/div>\n\t\t\t\t<div class=\"elementor-column elementor-col-50 elementor-top-column elementor-element elementor-element-887158c\" data-id=\"887158c\" data-element_type=\"column\" data-e-type=\"column\">\n\t\t\t<div class=\"elementor-widget-wrap elementor-element-populated\">\n\t\t\t\t\t\t<div class=\"elementor-element elementor-element-33fdd03 elementor-widget elementor-widget-image\" data-id=\"33fdd03\" data-element_type=\"widget\" data-e-type=\"widget\" data-widget_type=\"image.default\">\n\t\t\t\t<div class=\"elementor-widget-container\">\n\t\t\t\t\t\t\t\t\t\t\t\t\t\t\t<img decoding=\"async\" width=\"500\" height=\"281\" src=\"https:\/\/acio-official.org\/wp-content\/uploads\/2021\/07\/75ab7b10102abcb14cff10b06a9b2b7e.jpg\" class=\"attachment-large size-large wp-image-909\" alt=\"\" srcset=\"https:\/\/acio-official.org\/wp-content\/uploads\/2021\/07\/75ab7b10102abcb14cff10b06a9b2b7e.jpg 500w, https:\/\/acio-official.org\/wp-content\/uploads\/2021\/07\/75ab7b10102abcb14cff10b06a9b2b7e-300x169.jpg 300w, https:\/\/acio-official.org\/wp-content\/uploads\/2021\/07\/75ab7b10102abcb14cff10b06a9b2b7e-16x9.jpg 16w\" sizes=\"(max-width: 500px) 100vw, 500px\" \/>\t\t\t\t\t\t\t\t\t\t\t\t\t\t\t<\/div>\n\t\t\t\t<\/div>\n\t\t\t\t\t<\/div>\n\t\t<\/div>\n\t\t\t\t\t<\/div>\n\t\t<\/section>\n\t\t\t\t<section class=\"elementor-section elementor-top-section elementor-element elementor-element-6e11be55 elementor-section-boxed elementor-section-height-default elementor-section-height-default\" data-id=\"6e11be55\" data-element_type=\"section\" data-e-type=\"section\">\n\t\t\t\t\t\t<div class=\"elementor-container elementor-column-gap-default\">\n\t\t\t\t\t<div class=\"elementor-column elementor-col-100 elementor-top-column elementor-element elementor-element-552efc2\" data-id=\"552efc2\" data-element_type=\"column\" data-e-type=\"column\">\n\t\t\t<div class=\"elementor-widget-wrap elementor-element-populated\">\n\t\t\t\t\t\t<div class=\"elementor-element elementor-element-245ce5af elementor-widget elementor-widget-text-editor\" data-id=\"245ce5af\" data-element_type=\"widget\" data-e-type=\"widget\" data-widget_type=\"text-editor.default\">\n\t\t\t\t<div class=\"elementor-widget-container\">\n\t\t\t\t\t\t\t\t\t\n<p><span style=\"font-weight: 400;\">En la actualidad, muchos creen que la amenaza nazi ha desaparecido hace mucho tiempo y que es cosa del pasado desde la conclusi\u00f3n de la Segunda Guerra Mundial. Hoy en d\u00eda, los nazis son generalmente conocidos por ser objeto de bromas y comparaciones e insultos exagerados, especialmente en pol\u00edtica. Sin embargo, la verdad es que la amenaza y la agenda nazi siempre ha sido una fuerza poderosa incluso mucho despu\u00e9s de la conclusi\u00f3n de la guerra. Despu\u00e9s del supuesto suicidio de Hitler, gran parte del liderazgo nazi se traslad\u00f3 a partes de Am\u00e9rica del Sur y la Ant\u00e1rtida para reagruparse y finalmente desplegar sus armas y artesan\u00edas avanzadas. Esto no es bien conocido por la mayor\u00eda de los historiadores convencionales, pero Estados Unidos perdi\u00f3 una batalla naval importante frente a los nazis en la Ant\u00e1rtida durante la Operaci\u00f3n Highjump. Con la clara superioridad tecnol\u00f3gica, la guerra estaba casi ganada para los nazis. Sin embargo, en lugar de optar por dominar el mundo occidental mediante la fuerza militar, lo que habr\u00eda requerido un intenso gasto de recursos, el r\u00e9gimen nazi opt\u00f3 por infiltrarse en todas las facetas del liderazgo, los medios y la cultura estadounidenses a trav\u00e9s de iniciativas como <a href=\"https:\/\/en.wikipedia.org\/wiki\/Operation_Paperclip#:~:text=Operation%20Paperclip%20was%20a%20secret,Europe%2C%20between%201945%20and%201959.\">Operaci\u00f3n Paperclip<\/a> para gobernar desde las sombras. Esto fue referido como el Cuarto Imperio por los nazis, sin embargo, la verdadera extensi\u00f3n de la estructura de poder de los nazis fue mucho m\u00e1s profunda. En los polos norte y sur del planeta, los nazis ya hab\u00edan establecido grandes ciudades subterr\u00e1neas a las que se refer\u00edan como el quinto imperio. Es desde aqu\u00ed que traman y ejecutan sus agendas en torno al control de los principales medios de comunicaci\u00f3n, los pol\u00edticos e inician la propaganda para controlar las mentes del p\u00fablico.\u00a0<\/span><\/p>\n<p><span style=\"font-weight: 400;\">Hoy, la ACIO cree firmemente que casi todos los aspectos de los principales medios de comunicaci\u00f3n y la cultura popular est\u00e1n mezclados con propaganda sofisticada para mantener al p\u00fablico en un estado constante de confusi\u00f3n mientras la mayor\u00eda de la poblaci\u00f3n lo niega por completo. Con las agendas y actividades en curso, la ACIO proyect\u00f3 una trayectoria altamente negativa para el mundo moderno si las tendencias actuales continuaran. Sin embargo, en la fecha de <a href=\"https:\/\/www.youtube.com\/watch?v=2gUzckQ6Ywk&amp;t=242s\">26 de abril de 2020<\/a>, se produjo un gran avance en el que nuestra realidad actual pudo liberarse de la matriz artificial creada por Monarch y Mobius que nos ten\u00eda encerrados en esta l\u00ednea de tiempo negativa. Hoy en d\u00eda, nuestro mundo puede avanzar hacia una l\u00ednea de tiempo mucho m\u00e1s positiva y nuestra capacidad de actuar seg\u00fan nuestro libre albedr\u00edo est\u00e1 menos obstaculizada y restringida, sin embargo, todav\u00eda estamos experimentando algunas de las agendas negativas de la realidad anterior anclada negativamente como un efecto residual persistente. . Con el tiempo, esperamos que esto tambi\u00e9n disminuya con el tiempo.\u00a0<\/span><\/p>\n<p><span style=\"font-weight: 400;\">En este momento, Peter proyecta que estamos en proceso de fusionarnos con otra realidad de naturaleza altamente positiva. Seg\u00fan Peter, esta nueva realidad tiene mucha m\u00e1s abundancia y riqueza, acceso a mejores tecnolog\u00edas y muchas menos desigualdades de las que estamos viendo en nuestro mundo de hoy. Lo sorprendente que debe mencionarse sobre esta realidad es que se origina en una realidad alternativa donde los poderes nazis y del eje lideran principalmente el planeta. Para cualquier persona educada, esto suena como un escenario de un infierno en el que la humanidad estar\u00eda dominada por un gobierno tir\u00e1nico. Sin embargo, seg\u00fan Peter, en esta realidad alternativa, los nazis y los japoneses nunca cometieron todas las atrocidades que se documentaron en nuestra historia principal. Como se mencion\u00f3 anteriormente, todas las atrocidades que presenciamos en nuestra l\u00ednea de tiempo fueron el resultado de que Hitler y los nazis fueron secuestrados mentalmente y controlados mentalmente por ciertos grupos negativos y extraterrestres para ir por un camino oscuro y negativo. Sin esta influencia, los nazis no habr\u00edan cometido esas atrocidades y, naturalmente, se habr\u00edan movido hacia una l\u00ednea de tiempo m\u00e1s positiva y benevolente. Una vez m\u00e1s, esto es muy dif\u00edcil de creer para cualquier persona educada en la historia convencional, sin embargo, Peter y la ACIO han confirmado que esta informaci\u00f3n es as\u00ed. <\/span><\/p>\n\t\t\t\t\t\t\t\t<\/div>\n\t\t\t\t<\/div>\n\t\t\t\t\t<\/div>\n\t\t<\/div>\n\t\t\t\t\t<\/div>\n\t\t<\/section>\n\t\t\t\t<section class=\"elementor-section elementor-top-section elementor-element elementor-element-022d0bb elementor-section-boxed elementor-section-height-default elementor-section-height-default\" data-id=\"022d0bb\" data-element_type=\"section\" data-e-type=\"section\">\n\t\t\t\t\t\t<div class=\"elementor-container elementor-column-gap-default\">\n\t\t\t\t\t<div class=\"elementor-column elementor-col-100 elementor-top-column elementor-element elementor-element-db5f642\" data-id=\"db5f642\" data-element_type=\"column\" data-e-type=\"column\">\n\t\t\t<div class=\"elementor-widget-wrap elementor-element-populated\">\n\t\t\t\t\t\t<div class=\"elementor-element elementor-element-3b8bd9c elementor-widget elementor-widget-heading\" data-id=\"3b8bd9c\" data-element_type=\"widget\" data-e-type=\"widget\" data-widget_type=\"heading.default\">\n\t\t\t\t<div class=\"elementor-widget-container\">\n\t\t\t\t\t<h2 class=\"elementor-heading-title elementor-size-default\">Artesan\u00eda nazi temprana<\/h2>\t\t\t\t<\/div>\n\t\t\t\t<\/div>\n\t\t\t\t\t<\/div>\n\t\t<\/div>\n\t\t\t\t\t<\/div>\n\t\t<\/section>\n\t\t\t\t<section class=\"elementor-section elementor-top-section elementor-element elementor-element-5d52274 elementor-section-boxed elementor-section-height-default elementor-section-height-default\" data-id=\"5d52274\" data-element_type=\"section\" data-e-type=\"section\">\n\t\t\t\t\t\t<div class=\"elementor-container elementor-column-gap-default\">\n\t\t\t\t\t<div class=\"elementor-column elementor-col-66 elementor-top-column elementor-element elementor-element-ece3e92\" data-id=\"ece3e92\" data-element_type=\"column\" data-e-type=\"column\">\n\t\t\t<div class=\"elementor-widget-wrap elementor-element-populated\">\n\t\t\t\t\t\t<div class=\"elementor-element elementor-element-83ed052 elementor-widget elementor-widget-image\" data-id=\"83ed052\" data-element_type=\"widget\" data-e-type=\"widget\" data-widget_type=\"image.default\">\n\t\t\t\t<div class=\"elementor-widget-container\">\n\t\t\t\t\t\t\t\t\t\t\t\t\t\t\t<img decoding=\"async\" width=\"600\" height=\"336\" src=\"https:\/\/acio-official.org\/wp-content\/uploads\/2021\/06\/Screen-Shot-2021-06-28-at-8.43.42-PM-1024x574.png\" class=\"attachment-large size-large wp-image-750\" alt=\"\" srcset=\"https:\/\/acio-official.org\/wp-content\/uploads\/2021\/06\/Screen-Shot-2021-06-28-at-8.43.42-PM-1024x574.png 1024w, https:\/\/acio-official.org\/wp-content\/uploads\/2021\/06\/Screen-Shot-2021-06-28-at-8.43.42-PM-300x168.png 300w, https:\/\/acio-official.org\/wp-content\/uploads\/2021\/06\/Screen-Shot-2021-06-28-at-8.43.42-PM-768x431.png 768w, https:\/\/acio-official.org\/wp-content\/uploads\/2021\/06\/Screen-Shot-2021-06-28-at-8.43.42-PM-16x9.png 16w, https:\/\/acio-official.org\/wp-content\/uploads\/2021\/06\/Screen-Shot-2021-06-28-at-8.43.42-PM-600x337.png 600w, https:\/\/acio-official.org\/wp-content\/uploads\/2021\/06\/Screen-Shot-2021-06-28-at-8.43.42-PM.png 1109w\" sizes=\"(max-width: 600px) 100vw, 600px\" \/>\t\t\t\t\t\t\t\t\t\t\t\t\t\t\t<\/div>\n\t\t\t\t<\/div>\n\t\t\t\t\t<\/div>\n\t\t<\/div>\n\t\t\t\t<div class=\"elementor-column elementor-col-33 elementor-top-column elementor-element elementor-element-f848169\" data-id=\"f848169\" data-element_type=\"column\" data-e-type=\"column\">\n\t\t\t<div class=\"elementor-widget-wrap elementor-element-populated\">\n\t\t\t\t\t\t<div class=\"elementor-element elementor-element-d9fd44f elementor-widget elementor-widget-text-editor\" data-id=\"d9fd44f\" data-element_type=\"widget\" data-e-type=\"widget\" data-widget_type=\"text-editor.default\">\n\t\t\t\t<div class=\"elementor-widget-container\">\n\t\t\t\t\t\t\t\t\t<p><span style=\"font-weight: 400;\"><strong>Luftpanzer III<\/strong>: Avi\u00f3n de combate nazi de octava generaci\u00f3n. La primera generaci\u00f3n de cazas capaces de volar lo suficientemente r\u00e1pido como para doblar el espacio. Originalmente dise\u00f1ado a partir de la tecnolog\u00eda de carreras n\u00f3rdicas. <\/span><\/p>\t\t\t\t\t\t\t\t<\/div>\n\t\t\t\t<\/div>\n\t\t\t\t\t<\/div>\n\t\t<\/div>\n\t\t\t\t\t<\/div>\n\t\t<\/section>\n\t\t\t\t<section class=\"elementor-section elementor-top-section elementor-element elementor-element-64bd27f elementor-section-boxed elementor-section-height-default elementor-section-height-default\" data-id=\"64bd27f\" data-element_type=\"section\" data-e-type=\"section\">\n\t\t\t\t\t\t<div class=\"elementor-container elementor-column-gap-default\">\n\t\t\t\t\t<div class=\"elementor-column elementor-col-66 elementor-top-column elementor-element elementor-element-9babd24\" data-id=\"9babd24\" data-element_type=\"column\" data-e-type=\"column\">\n\t\t\t<div class=\"elementor-widget-wrap elementor-element-populated\">\n\t\t\t\t\t\t<div class=\"elementor-element elementor-element-3f2905c elementor-widget elementor-widget-image\" data-id=\"3f2905c\" data-element_type=\"widget\" data-e-type=\"widget\" data-widget_type=\"image.default\">\n\t\t\t\t<div class=\"elementor-widget-container\">\n\t\t\t\t\t\t\t\t\t\t\t\t\t\t\t<img loading=\"lazy\" decoding=\"async\" width=\"600\" height=\"348\" src=\"https:\/\/acio-official.org\/wp-content\/uploads\/2021\/06\/Screen-Shot-2021-06-29-at-10.47.01-PM.png\" class=\"attachment-large size-large wp-image-765\" alt=\"\" srcset=\"https:\/\/acio-official.org\/wp-content\/uploads\/2021\/06\/Screen-Shot-2021-06-29-at-10.47.01-PM.png 745w, https:\/\/acio-official.org\/wp-content\/uploads\/2021\/06\/Screen-Shot-2021-06-29-at-10.47.01-PM-300x174.png 300w, https:\/\/acio-official.org\/wp-content\/uploads\/2021\/06\/Screen-Shot-2021-06-29-at-10.47.01-PM-16x9.png 16w, https:\/\/acio-official.org\/wp-content\/uploads\/2021\/06\/Screen-Shot-2021-06-29-at-10.47.01-PM-600x348.png 600w\" sizes=\"(max-width: 600px) 100vw, 600px\" \/>\t\t\t\t\t\t\t\t\t\t\t\t\t\t\t<\/div>\n\t\t\t\t<\/div>\n\t\t\t\t\t<\/div>\n\t\t<\/div>\n\t\t\t\t<div class=\"elementor-column elementor-col-33 elementor-top-column elementor-element elementor-element-4243537\" data-id=\"4243537\" data-element_type=\"column\" data-e-type=\"column\">\n\t\t\t<div class=\"elementor-widget-wrap elementor-element-populated\">\n\t\t\t\t\t\t<div class=\"elementor-element elementor-element-40e04ea elementor-widget elementor-widget-text-editor\" data-id=\"40e04ea\" data-element_type=\"widget\" data-e-type=\"widget\" data-widget_type=\"text-editor.default\">\n\t\t\t\t<div class=\"elementor-widget-container\">\n\t\t\t\t\t\t\t\t\t<p><span style=\"font-weight: 400;\"><strong>Cabina de Luftpanzer III<\/strong>: A la izquierda, podemos ver los asientos del capit\u00e1n y el navegador. El lado derecho es donde se sienta el segundo navegador y operador de armas. <\/span><\/p>\t\t\t\t\t\t\t\t<\/div>\n\t\t\t\t<\/div>\n\t\t\t\t\t<\/div>\n\t\t<\/div>\n\t\t\t\t\t<\/div>\n\t\t<\/section>\n\t\t\t\t<section class=\"elementor-section elementor-top-section elementor-element elementor-element-21ecbab elementor-section-boxed elementor-section-height-default elementor-section-height-default\" data-id=\"21ecbab\" data-element_type=\"section\" data-e-type=\"section\">\n\t\t\t\t\t\t<div class=\"elementor-container elementor-column-gap-default\">\n\t\t\t\t\t<div class=\"elementor-column elementor-col-66 elementor-top-column elementor-element elementor-element-2a885a6\" data-id=\"2a885a6\" data-element_type=\"column\" data-e-type=\"column\">\n\t\t\t<div class=\"elementor-widget-wrap elementor-element-populated\">\n\t\t\t\t\t\t<div class=\"elementor-element elementor-element-4702467 elementor-widget elementor-widget-image\" data-id=\"4702467\" data-element_type=\"widget\" data-e-type=\"widget\" data-widget_type=\"image.default\">\n\t\t\t\t<div class=\"elementor-widget-container\">\n\t\t\t\t\t\t\t\t\t\t\t\t\t\t\t<img loading=\"lazy\" decoding=\"async\" width=\"600\" height=\"292\" src=\"https:\/\/acio-official.org\/wp-content\/uploads\/2021\/06\/nazi-ufo-2-1024x499.jpg\" class=\"attachment-large size-large wp-image-766\" alt=\"\" srcset=\"https:\/\/acio-official.org\/wp-content\/uploads\/2021\/06\/nazi-ufo-2-1024x499.jpg 1024w, https:\/\/acio-official.org\/wp-content\/uploads\/2021\/06\/nazi-ufo-2-300x146.jpg 300w, https:\/\/acio-official.org\/wp-content\/uploads\/2021\/06\/nazi-ufo-2-768x374.jpg 768w, https:\/\/acio-official.org\/wp-content\/uploads\/2021\/06\/nazi-ufo-2-16x8.jpg 16w, https:\/\/acio-official.org\/wp-content\/uploads\/2021\/06\/nazi-ufo-2-600x293.jpg 600w, https:\/\/acio-official.org\/wp-content\/uploads\/2021\/06\/nazi-ufo-2-1331x649.jpg 1331w, https:\/\/acio-official.org\/wp-content\/uploads\/2021\/06\/nazi-ufo-2.jpg 1366w\" sizes=\"(max-width: 600px) 100vw, 600px\" \/>\t\t\t\t\t\t\t\t\t\t\t\t\t\t\t<\/div>\n\t\t\t\t<\/div>\n\t\t\t\t\t<\/div>\n\t\t<\/div>\n\t\t\t\t<div class=\"elementor-column elementor-col-33 elementor-top-column elementor-element elementor-element-50a2ccb\" data-id=\"50a2ccb\" data-element_type=\"column\" data-e-type=\"column\">\n\t\t\t<div class=\"elementor-widget-wrap elementor-element-populated\">\n\t\t\t\t\t\t<div class=\"elementor-element elementor-element-c936ed9 elementor-widget elementor-widget-text-editor\" data-id=\"c936ed9\" data-element_type=\"widget\" data-e-type=\"widget\" data-widget_type=\"text-editor.default\">\n\t\t\t\t<div class=\"elementor-widget-container\">\n\t\t\t\t\t\t\t\t\t<p><span style=\"font-weight: 400;\"><strong>Luftpanzer VII<\/strong> : Avi\u00f3n de combate nazi de 12.\u00aa generaci\u00f3n. Primera nave en viajar a trav\u00e9s de agujeros de gusano propulsados por motores de fusi\u00f3n de hidr\u00f3geno. Capaz de viajar entre l\u00edneas de tiempo, realidades, universos, dimensiones y megaversos. <\/span><\/p>\t\t\t\t\t\t\t\t<\/div>\n\t\t\t\t<\/div>\n\t\t\t\t\t<\/div>\n\t\t<\/div>\n\t\t\t\t\t<\/div>\n\t\t<\/section>\n\t\t\t\t<\/div>","protected":false},"excerpt":{"rendered":"<p>When it comes to explaining the history of the Nazi\u2019s, no other group or topic brings up such universal hatred, disgust, and judgement to the point that it has become a caricature for evil itself. While it is true that Hitler and the Nazi\u2019s did commit atrocities to levels not easily comparable to other events [&hellip;]<\/p>\n","protected":false},"author":1,"featured_media":750,"comment_status":"closed","ping_status":"closed","sticky":false,"template":"","format":"standard","meta":{"om_disable_all_campaigns":false,"site-sidebar-layout":"default","site-content-layout":"default","ast-site-content-layout":"default","site-content-style":"default","site-sidebar-style":"default","ast-global-header-display":"","ast-banner-title-visibility":"","ast-main-header-display":"","ast-hfb-above-header-display":"","ast-hfb-below-header-display":"","ast-hfb-mobile-header-display":"","site-post-title":"","ast-breadcrumbs-content":"","ast-featured-img":"","footer-sml-layout":"","ast-disable-related-posts":"","theme-transparent-header-meta":"default","adv-header-id-meta":"","stick-header-meta":"default","header-above-stick-meta":"","header-main-stick-meta":"","header-below-stick-meta":"","astra-migrate-meta-layouts":"default","ast-page-background-enabled":"default","ast-page-background-meta":{"desktop":{"background-color":"","background-image":"","background-repeat":"repeat","background-position":"center center","background-size":"auto","background-attachment":"scroll","background-type":"","background-media":"","overlay-type":"","overlay-color":"","overlay-opacity":"","overlay-gradient":""},"tablet":{"background-color":"","background-image":"","background-repeat":"repeat","background-position":"center center","background-size":"auto","background-attachment":"scroll","background-type":"","background-media":"","overlay-type":"","overlay-color":"","overlay-opacity":"","overlay-gradient":""},"mobile":{"background-color":"","background-image":"","background-repeat":"repeat","background-position":"center center","background-size":"auto","background-attachment":"scroll","background-type":"","background-media":"","overlay-type":"","overlay-color":"","overlay-opacity":"","overlay-gradient":""}},"ast-content-background-meta":{"desktop":{"background-color":"var(--ast-global-color-5)","background-image":"","background-repeat":"repeat","background-position":"center center","background-size":"auto","background-attachment":"scroll","background-type":"","background-media":"","overlay-type":"","overlay-color":"","overlay-opacity":"","overlay-gradient":""},"tablet":{"background-color":"var(--ast-global-color-5)","background-image":"","background-repeat":"repeat","background-position":"center center","background-size":"auto","background-attachment":"scroll","background-type":"","background-media":"","overlay-type":"","overlay-color":"","overlay-opacity":"","overlay-gradient":""},"mobile":{"background-color":"var(--ast-global-color-5)","background-image":"","background-repeat":"repeat","background-position":"center center","background-size":"auto","background-attachment":"scroll","background-type":"","background-media":"","overlay-type":"","overlay-color":"","overlay-opacity":"","overlay-gradient":""}},"footnotes":""},"categories":[1],"tags":[],"class_list":["post-749","post","type-post","status-publish","format-standard","has-post-thumbnail","hentry","category-uncategorized"],"jetpack_featured_media_url":"https:\/\/acio-official.org\/wp-content\/uploads\/2021\/06\/Screen-Shot-2021-06-28-at-8.43.42-PM.png","_links":{"self":[{"href":"https:\/\/acio-official.org\/es\/wp-json\/wp\/v2\/posts\/749","targetHints":{"allow":["GET"]}}],"collection":[{"href":"https:\/\/acio-official.org\/es\/wp-json\/wp\/v2\/posts"}],"about":[{"href":"https:\/\/acio-official.org\/es\/wp-json\/wp\/v2\/types\/post"}],"author":[{"embeddable":true,"href":"https:\/\/acio-official.org\/es\/wp-json\/wp\/v2\/users\/1"}],"replies":[{"embeddable":true,"href":"https:\/\/acio-official.org\/es\/wp-json\/wp\/v2\/comments?post=749"}],"version-history":[{"count":37,"href":"https:\/\/acio-official.org\/es\/wp-json\/wp\/v2\/posts\/749\/revisions"}],"predecessor-version":[{"id":1127,"href":"https:\/\/acio-official.org\/es\/wp-json\/wp\/v2\/posts\/749\/revisions\/1127"}],"wp:featuredmedia":[{"embeddable":true,"href":"https:\/\/acio-official.org\/es\/wp-json\/wp\/v2\/media\/750"}],"wp:attachment":[{"href":"https:\/\/acio-official.org\/es\/wp-json\/wp\/v2\/media?parent=749"}],"wp:term":[{"taxonomy":"category","embeddable":true,"href":"https:\/\/acio-official.org\/es\/wp-json\/wp\/v2\/categories?post=749"},{"taxonomy":"post_tag","embeddable":true,"href":"https:\/\/acio-official.org\/es\/wp-json\/wp\/v2\/tags?post=749"}],"curies":[{"name":"gracias","href":"https:\/\/api.w.org\/{rel}","templated":true}]}}